{"id":257310,"date":"2024-09-10T16:05:51","date_gmt":"2024-09-10T21:05:51","guid":{"rendered":"https:\/\/ugel04.gob.pe\/home\/?p=257310"},"modified":"2024-09-10T16:11:46","modified_gmt":"2024-09-10T21:11:46","slug":"escuelas-educunas-reciben-estantes-y-cunas-para-potenciar-servicio-educativo","status":"publish","type":"post","link":"https:\/\/ugel04.gob.pe\/home\/escuelas-educunas-reciben-estantes-y-cunas-para-potenciar-servicio-educativo\/","title":{"rendered":"ESCUELAS EDUCUNAS RECIBEN ESTANTES Y CUNAS PARA POTENCIAR SERVICIO EDUCATIVO"},"content":{"rendered":"\n[et_pb_section fb_built=\u00bb1&#8243; theme_builder_area=\u00bbpost_content\u00bb _builder_version=\u00bb4.27.0&#8243; _module_preset=\u00bbdefault\u00bb da_is_popup=\u00bboff\u00bb da_exit_intent=\u00bboff\u00bb da_has_close=\u00bbon\u00bb da_alt_close=\u00bboff\u00bb da_dark_close=\u00bboff\u00bb da_not_modal=\u00bbon\u00bb da_is_singular=\u00bboff\u00bb da_with_loader=\u00bboff\u00bb da_has_shadow=\u00bbon\u00bb da_disable_devices=\u00bboff|off|off\u00bb][et_pb_row _builder_version=\u00bb4.27.0&#8243; _module_preset=\u00bbdefault\u00bb theme_builder_area=\u00bbpost_content\u00bb][et_pb_column _builder_version=\u00bb4.27.0&#8243; _module_preset=\u00bbdefault\u00bb type=\u00bb4_4&#8243; theme_builder_area=\u00bbpost_content\u00bb][et_pb_text _builder_version=\u00bb4.27.0&#8243; _module_preset=\u00bbdefault\u00bb theme_builder_area=\u00bbpost_content\u00bb hover_enabled=\u00bb0&#8243; sticky_enabled=\u00bb0&#8243;]<p>Con la finalidad de seguir mejorando el servicio educativo en favor de la primera infancia, la UGEL 04 hizo entrega de bienes muebles consistentes en estantes y cunas de madera, a 13 instituciones educativas de nivel inicial focalizadas de nuestra jurisdicci\u00f3n, inmersas dentro del programa EduCunas que impulsa el Minedu.<\/p>\n<p>La cesi\u00f3n de los art\u00edculos al personal directivo de las cunas jard\u00edn beneficiarias, estuvo a cargo de la directora de nuestra entidad Nelly Cunza, quien en su discurso previo, destac\u00f3 la trascendencia de la iniciativa EduCunas, la cual ha causado un gran impacto en la poblaci\u00f3n, por su aporte al desarrollo educativo, social y econ\u00f3mico de muchas familias, al responder las necesidades b\u00e1sicas de los ni\u00f1os y ni\u00f1as de 12 a 36 meses de edad.<\/p>\n<p>\u201cLa implementaci\u00f3n de EduCunas es maravillosa y su fortalecimiento prioritaria, por eso trabajamos para mejorar permanentemente este servicio. Ahora les pido que gestionen el mejor uso de los bienes que les estamos entregando. Esto es un gran gesto del estado para mejorar las condiciones de vida de la primera infancia, as\u00ed que debemos darle el sostenimiento respectivo\u201d, se\u00f1al\u00f3 la titular de la UGEL 04.<\/p>\n<p>En la cita estuvieron presentes las especialistas en educaci\u00f3n del nivel inicial de AGEBRE, cuya gesti\u00f3n oportuna, conjuntamente con la de nuestros funcionarios administrativos, viene haciendo posible la implementaci\u00f3n de las EduCunas de la UGEL 04.<\/p>\n<p>Es importante destacar que, en las EduCuna se atienden ni\u00f1os y ni\u00f1as de edades comprendidas entre 1 y 2 a\u00f1os, durante el horario diurno de 8 horas. Para acceder a este servicio la madre o padre debe acreditar que la atenci\u00f3n de su menor hijo depende solamente de ella o \u00e9l, que se encuentra en situaci\u00f3n de pobreza o pobreza extrema y que est\u00e1n trabajando o estudiando.<\/p>\n<p><strong>IEI (EduCuna) Beneficiadas:<\/strong><\/p>\n<table width=\"595\">\n<tbody>\n<tr>\n<td width=\"179\">\n<p><strong>IEI<\/strong><\/p>\n<\/td>\n<td width=\"265\">\n<p><strong>ART\u00cdCULOS<\/strong><\/p>\n<\/td>\n<td width=\"151\">\n<p><strong>DIRECTORA<\/strong><\/p>\n<\/td>\n<\/tr>\n<tr>\n<td width=\"179\">\n<p>882<\/p>\n<\/td>\n<td width=\"265\">\n<p>Estante y Cunas<\/p>\n<\/td>\n<td width=\"151\">\n<p>Gloria Rivas<\/p>\n<\/td>\n<\/tr>\n<tr>\n<td width=\"179\">\n<p>339<\/p>\n<\/td>\n<td width=\"265\">\n<p>Estante y Cunas<\/p>\n<\/td>\n<td width=\"151\">\n<p>Luisa Paucar<\/p>\n<\/td>\n<\/tr>\n<tr>\n<td width=\"179\">\n<p>8190 Sol Naciente<\/p>\n<\/td>\n<td width=\"265\">\n<p>Estante y Cunas<\/p>\n<\/td>\n<td width=\"151\">\n<p>Judith Olivas<\/p>\n<\/td>\n<\/tr>\n<tr>\n<td width=\"179\">\n<p>Santa Luzmila<\/p>\n<\/td>\n<td width=\"265\">\n<p>Estante y Cunas<\/p>\n<\/td>\n<td width=\"151\">\n<p>Yovanna Negr\u00f3n<\/p>\n<\/td>\n<\/tr>\n<tr>\n<td width=\"179\">\n<p>Luis Enrique XIII<\/p>\n<\/td>\n<td width=\"265\">\n<p>Estante y Cunas<\/p>\n<\/td>\n<td width=\"151\">\n<p>Cristina Cuya<\/p>\n<\/td>\n<\/tr>\n<tr>\n<td width=\"179\">\n<p>La Pascana<\/p>\n<\/td>\n<td width=\"265\">\n<p>Estante y Cunas<\/p>\n<\/td>\n<td width=\"151\">\n<p>Peggy Espinal<\/p>\n<\/td>\n<\/tr>\n<tr>\n<td width=\"179\">\n<p>Luis Enrique XIV<\/p>\n<\/td>\n<td width=\"265\">\n<p>Estante y Cunas<\/p>\n<\/td>\n<td width=\"151\">\n<p>Teresa Miranda<\/p>\n<\/td>\n<\/tr>\n<tr>\n<td width=\"179\">\n<p>Luis Enrique I<\/p>\n<\/td>\n<td width=\"265\">\n<p>Estante y Cunas<\/p>\n<\/td>\n<td width=\"151\">\n<p>Lelis Garc\u00eda<\/p>\n<\/td>\n<\/tr>\n<tr>\n<td width=\"179\">\n<p>IEI 03<\/p>\n<\/td>\n<td width=\"265\">\n<p>Estante y Cunas<\/p>\n<\/td>\n<td width=\"151\">\n<p>M\u00f3nica Huaman\u00ed<\/p>\n<\/td>\n<\/tr>\n<tr>\n<td width=\"179\">\n<p>Luis Enrique II<\/p>\n<\/td>\n<td width=\"265\">\n<p>Estante y Cunas<\/p>\n<\/td>\n<td width=\"151\">\n<p>Guadalupe Asmat<\/p>\n<\/td>\n<\/tr>\n<tr>\n<td width=\"179\">\n<p>888 Se\u00f1or de los Milagros<\/p>\n<\/td>\n<td width=\"265\">\n<p>Estante y Cunas<\/p>\n<\/td>\n<td width=\"151\">\n<p>Patricia Montenegro<\/p>\n<\/td>\n<\/tr>\n<tr>\n<td width=\"179\">\n<p>337 Sangarar\u00e1<\/p>\n<\/td>\n<td width=\"265\">\n<p>Estante y Cunas<\/p>\n<\/td>\n<td width=\"151\">\n<p>Karina L\u00f3pez<\/p>\n<\/td>\n<\/tr>\n<tr>\n<td width=\"179\">\n<p>12<\/p>\n<\/td>\n<td width=\"265\">\n<p>Estante y Cunas<\/p>\n<\/td>\n<td width=\"151\">\n<p>Jenny Castillo<\/p>\n<\/td>\n<\/tr>\n<\/tbody>\n<\/table>\n<p>&nbsp;<\/p>[\/et_pb_text][\/et_pb_column][\/et_pb_row][\/et_pb_section]\n","protected":false},"excerpt":{"rendered":"<p>Con la finalidad de seguir mejorando el servicio educativo en favor de la primera infancia, la UGEL 04 hizo entrega de bienes muebles consistentes en estantes y cunas de madera, [&hellip;]<\/p>\n","protected":false},"author":1,"featured_media":257311,"comment_status":"open","ping_status":"open","sticky":false,"template":"","format":"standard","meta":{"_et_pb_use_builder":"on","_et_pb_old_content":"","_et_gb_content_width":"1080","footnotes":""},"categories":[10],"tags":[],"class_list":["post-257310","post","type-post","status-publish","format-standard","has-post-thumbnail","hentry","category-noticias"],"_links":{"self":[{"href":"https:\/\/ugel04.gob.pe\/home\/wp-json\/wp\/v2\/posts\/257310","targetHints":{"allow":["GET"]}}],"collection":[{"href":"https:\/\/ugel04.gob.pe\/home\/wp-json\/wp\/v2\/posts"}],"about":[{"href":"https:\/\/ugel04.gob.pe\/home\/wp-json\/wp\/v2\/types\/post"}],"author":[{"embeddable":true,"href":"https:\/\/ugel04.gob.pe\/home\/wp-json\/wp\/v2\/users\/1"}],"replies":[{"embeddable":true,"href":"https:\/\/ugel04.gob.pe\/home\/wp-json\/wp\/v2\/comments?post=257310"}],"version-history":[{"count":3,"href":"https:\/\/ugel04.gob.pe\/home\/wp-json\/wp\/v2\/posts\/257310\/revisions"}],"predecessor-version":[{"id":257316,"href":"https:\/\/ugel04.gob.pe\/home\/wp-json\/wp\/v2\/posts\/257310\/revisions\/257316"}],"wp:featuredmedia":[{"embeddable":true,"href":"https:\/\/ugel04.gob.pe\/home\/wp-json\/wp\/v2\/media\/257311"}],"wp:attachment":[{"href":"https:\/\/ugel04.gob.pe\/home\/wp-json\/wp\/v2\/media?parent=257310"}],"wp:term":[{"taxonomy":"category","embeddable":true,"href":"https:\/\/ugel04.gob.pe\/home\/wp-json\/wp\/v2\/categories?post=257310"},{"taxonomy":"post_tag","embeddable":true,"href":"https:\/\/ugel04.gob.pe\/home\/wp-json\/wp\/v2\/tags?post=257310"}],"curies":[{"name":"wp","href":"https:\/\/api.w.org\/{rel}","templated":true}]}}