{"id":257300,"date":"2024-09-09T17:26:13","date_gmt":"2024-09-09T22:26:13","guid":{"rendered":"https:\/\/ugel04.gob.pe\/home\/?p=257300"},"modified":"2024-09-09T17:26:14","modified_gmt":"2024-09-09T22:26:14","slug":"reunion-de-coordinacion-para-directores-y-promotores-de-los-ceba-de-la-ugel-04","status":"publish","type":"post","link":"https:\/\/ugel04.gob.pe\/home\/reunion-de-coordinacion-para-directores-y-promotores-de-los-ceba-de-la-ugel-04\/","title":{"rendered":"REUNI\u00d3N DE COORDINACI\u00d3N PARA DIRECTORES Y PROMOTORES DE LOS CEBA DE LA UGEL 04"},"content":{"rendered":"<p>[et_pb_section fb_built=\u00bb1&#8243; theme_builder_area=\u00bbpost_content\u00bb _builder_version=\u00bb4.27.0&#8243; _module_preset=\u00bbdefault\u00bb da_is_popup=\u00bboff\u00bb da_exit_intent=\u00bboff\u00bb da_has_close=\u00bbon\u00bb da_alt_close=\u00bboff\u00bb da_dark_close=\u00bboff\u00bb da_not_modal=\u00bbon\u00bb da_is_singular=\u00bboff\u00bb da_with_loader=\u00bboff\u00bb da_has_shadow=\u00bbon\u00bb da_disable_devices=\u00bboff|off|off\u00bb][et_pb_row _builder_version=\u00bb4.27.0&#8243; _module_preset=\u00bbdefault\u00bb theme_builder_area=\u00bbpost_content\u00bb][et_pb_column _builder_version=\u00bb4.27.0&#8243; _module_preset=\u00bbdefault\u00bb type=\u00bb4_4&#8243; theme_builder_area=\u00bbpost_content\u00bb][et_pb_text _builder_version=\u00bb4.27.0&#8243; _module_preset=\u00bbdefault\u00bb theme_builder_area=\u00bbpost_content\u00bb hover_enabled=\u00bb0&#8243; sticky_enabled=\u00bb0&#8243;]<\/p>\n<p style=\"text-align: justify;\"><strong>Especialistas de Educaci\u00f3n B\u00e1sica Alternativa (EBA) de la UGEL 04 llevaron a cabo un taller dirigido a los directores y promotores de los Centros de Educaci\u00f3n B\u00e1sica Alternativa (CEBA). El evento, realizado en las instalaciones de la I.E.P. Henri La Fontaine, tuvo como prop\u00f3sito orientar sobre las formas de atenci\u00f3n educativa: presencial, semipresencial y virtual a distancia, garantizando condiciones de calidad para los aprendizajes de los estudiantes.<\/strong><\/p>\n<p style=\"text-align: justify;\">Durante la reuni\u00f3n, se coordinaron acciones estrat\u00e9gicas para mejorar los aprendizajes en los CEBA privados de la jurisdicci\u00f3n. Los especialistas de la AGEBATP estuvieron a cargo de las exposiciones, resolviendo dudas y ofreciendo asesoramiento detallado a los participantes.<\/p>\n<p style=\"text-align: justify;\">En el evento, estuvo presente el jefe de AGEBATP, Roberto Zevallos Spinetta, quien ofreci\u00f3 palabras de aliento y agradecimiento, resaltando la importancia de la participaci\u00f3n de los directores y promotores en este espacio formativo y su compromiso con la mejora continua de la ense\u00f1anza.<\/p>\n<p style=\"text-align: justify;\">Los asistentes manifestaron su satisfacci\u00f3n con las charlas impartidas y destacaron la utilidad de la informaci\u00f3n brindada para optimizar la educaci\u00f3n en sus instituciones.<\/p>\n<p>[\/et_pb_text][\/et_pb_column][\/et_pb_row][\/et_pb_section]<\/p>\n","protected":false},"excerpt":{"rendered":"<p>Especialistas de Educaci\u00f3n B\u00e1sica Alternativa (EBA) de la UGEL 04 llevaron a cabo un taller dirigido a los directores y promotores de los Centros de Educaci\u00f3n B\u00e1sica Alternativa (CEBA). El [&hellip;]<\/p>\n","protected":false},"author":1,"featured_media":257301,"comment_status":"closed","ping_status":"open","sticky":false,"template":"","format":"standard","meta":{"_et_pb_use_builder":"on","_et_pb_old_content":"","_et_gb_content_width":"1080","footnotes":""},"categories":[10],"tags":[],"class_list":["post-257300","post","type-post","status-publish","format-standard","has-post-thumbnail","hentry","category-noticias"],"_links":{"self":[{"href":"https:\/\/ugel04.gob.pe\/home\/wp-json\/wp\/v2\/posts\/257300","targetHints":{"allow":["GET"]}}],"collection":[{"href":"https:\/\/ugel04.gob.pe\/home\/wp-json\/wp\/v2\/posts"}],"about":[{"href":"https:\/\/ugel04.gob.pe\/home\/wp-json\/wp\/v2\/types\/post"}],"author":[{"embeddable":true,"href":"https:\/\/ugel04.gob.pe\/home\/wp-json\/wp\/v2\/users\/1"}],"replies":[{"embeddable":true,"href":"https:\/\/ugel04.gob.pe\/home\/wp-json\/wp\/v2\/comments?post=257300"}],"version-history":[{"count":2,"href":"https:\/\/ugel04.gob.pe\/home\/wp-json\/wp\/v2\/posts\/257300\/revisions"}],"predecessor-version":[{"id":257303,"href":"https:\/\/ugel04.gob.pe\/home\/wp-json\/wp\/v2\/posts\/257300\/revisions\/257303"}],"wp:featuredmedia":[{"embeddable":true,"href":"https:\/\/ugel04.gob.pe\/home\/wp-json\/wp\/v2\/media\/257301"}],"wp:attachment":[{"href":"https:\/\/ugel04.gob.pe\/home\/wp-json\/wp\/v2\/media?parent=257300"}],"wp:term":[{"taxonomy":"category","embeddable":true,"href":"https:\/\/ugel04.gob.pe\/home\/wp-json\/wp\/v2\/categories?post=257300"},{"taxonomy":"post_tag","embeddable":true,"href":"https:\/\/ugel04.gob.pe\/home\/wp-json\/wp\/v2\/tags?post=257300"}],"curies":[{"name":"wp","href":"https:\/\/api.w.org\/{rel}","templated":true}]}}