{"id":257292,"date":"2024-09-06T15:27:23","date_gmt":"2024-09-06T20:27:23","guid":{"rendered":"https:\/\/ugel04.gob.pe\/home\/?p=257292"},"modified":"2024-09-06T15:28:05","modified_gmt":"2024-09-06T20:28:05","slug":"comunidad-educativa-participa-con-entusiasmo-en-xiii-maraton-peruana-de-lectura-y-xi-maraton-latinoamericana-de-lectura","status":"publish","type":"post","link":"https:\/\/ugel04.gob.pe\/home\/comunidad-educativa-participa-con-entusiasmo-en-xiii-maraton-peruana-de-lectura-y-xi-maraton-latinoamericana-de-lectura\/","title":{"rendered":"COMUNIDAD EDUCATIVA PARTICIPA CON ENTUSIASMO EN XIII MARAT\u00d3N PERUANA DE LECTURA Y XI MARAT\u00d3N LATINOAMERICANA DE LECTURA"},"content":{"rendered":"<p>[et_pb_section fb_built=\u00bb1&#8243; theme_builder_area=\u00bbpost_content\u00bb _builder_version=\u00bb4.27.0&#8243; _module_preset=\u00bbdefault\u00bb da_is_popup=\u00bboff\u00bb da_exit_intent=\u00bboff\u00bb da_has_close=\u00bbon\u00bb da_alt_close=\u00bboff\u00bb da_dark_close=\u00bboff\u00bb da_not_modal=\u00bbon\u00bb da_is_singular=\u00bboff\u00bb da_with_loader=\u00bboff\u00bb da_has_shadow=\u00bbon\u00bb da_disable_devices=\u00bboff|off|off\u00bb][et_pb_row _builder_version=\u00bb4.27.0&#8243; _module_preset=\u00bbdefault\u00bb theme_builder_area=\u00bbpost_content\u00bb][et_pb_column _builder_version=\u00bb4.27.0&#8243; _module_preset=\u00bbdefault\u00bb type=\u00bb4_4&#8243; theme_builder_area=\u00bbpost_content\u00bb][et_pb_text _builder_version=\u00bb4.27.0&#8243; _module_preset=\u00bbdefault\u00bb theme_builder_area=\u00bbpost_content\u00bb hover_enabled=\u00bb0&#8243; sticky_enabled=\u00bb0&#8243;]<\/p>\n<p>Nuestra comunidad educativa particip\u00f3 con gran entusiasmo y dedicaci\u00f3n en la XIII Marat\u00f3n Peruana de Lectura y la XI Marat\u00f3n Latinoamericana de Lectura; ambos eventos, realizados con la finalidad de promover el desarrollo de capacidades intelectuales de los escolares, a trav\u00e9s del estudio de diversas obras literarias.<\/p>\n<p>La actividad acad\u00e9mica tuvo como protagonista a directivos, docentes, padres de familia y alumnos de los niveles inicial, primaria y secundaria, de las IE p\u00fablicas y privadas de nuestro sector, quienes de manera conjunta dedicaron su tiempo para leer diversas obras literarias, fortaleciendo el v\u00ednculo entre la educaci\u00f3n escolar y el entorno familiar.<\/p>\n<p>La especialista en educaci\u00f3n de AGEBRE, Elizabeth Le\u00f3n, supervis\u00f3 el desarrollo de la Marat\u00f3n en varias escuelas, siendo testigo de la emoci\u00f3n y responsabilidad puesta en escena por los escolares. En este contexto, coment\u00f3: \u201cEstamos emocionados de celebrar la Marat\u00f3n de Lectura como una verdadera fiesta en nuestras instituciones educativas, y nos llena de orgullo ver c\u00f3mo nuestros estudiantes se sumergen en los libros. Recordemos que la lectura inspira, ense\u00f1a y permite viajar a trav\u00e9s del tiempo y el espacio.\u201d<\/p>\n<p>La Marat\u00f3n Peruana de Lectura, organizada por la Asociaci\u00f3n Peruana de Lectura (APELEC) en colaboraci\u00f3n con el Ministerio de Educaci\u00f3n, Direcciones Regionales, Unidades de Gesti\u00f3n Educativa Local, y otras instituciones, se realiza conforme a las normativas vigentes y tiene como objetivo movilizar a la sociedad hacia una percepci\u00f3n positiva de la lectura y un acercamiento placentero a diversos textos.<\/p>\n<p>La Marat\u00f3n de la Lectura es un espacio ideal para compartir cuentos, obras y folletos, acercando a ni\u00f1os y j\u00f3venes a mejorar su comprensi\u00f3n lectora, las competencias comunicativas y fomentando la interacci\u00f3n con sus compa\u00f1eros.<\/p>\n<p>La UGEL 04 resalta y felicita a los directivos, docentes y estudiantes de los colegios que formaron parte de esta significativa jornada.<\/p>\n<p>[\/et_pb_text][\/et_pb_column][\/et_pb_row][\/et_pb_section]<\/p>\n","protected":false},"excerpt":{"rendered":"<p>Nuestra comunidad educativa particip\u00f3 con gran entusiasmo y dedicaci\u00f3n en la XIII Marat\u00f3n Peruana de Lectura y la XI Marat\u00f3n Latinoamericana de Lectura; ambos eventos, realizados con la finalidad de [&hellip;]<\/p>\n","protected":false},"author":1,"featured_media":257293,"comment_status":"open","ping_status":"open","sticky":false,"template":"","format":"standard","meta":{"_et_pb_use_builder":"on","_et_pb_old_content":"","_et_gb_content_width":"1080","footnotes":""},"categories":[10],"tags":[],"class_list":["post-257292","post","type-post","status-publish","format-standard","has-post-thumbnail","hentry","category-noticias"],"_links":{"self":[{"href":"https:\/\/ugel04.gob.pe\/home\/wp-json\/wp\/v2\/posts\/257292","targetHints":{"allow":["GET"]}}],"collection":[{"href":"https:\/\/ugel04.gob.pe\/home\/wp-json\/wp\/v2\/posts"}],"about":[{"href":"https:\/\/ugel04.gob.pe\/home\/wp-json\/wp\/v2\/types\/post"}],"author":[{"embeddable":true,"href":"https:\/\/ugel04.gob.pe\/home\/wp-json\/wp\/v2\/users\/1"}],"replies":[{"embeddable":true,"href":"https:\/\/ugel04.gob.pe\/home\/wp-json\/wp\/v2\/comments?post=257292"}],"version-history":[{"count":2,"href":"https:\/\/ugel04.gob.pe\/home\/wp-json\/wp\/v2\/posts\/257292\/revisions"}],"predecessor-version":[{"id":257295,"href":"https:\/\/ugel04.gob.pe\/home\/wp-json\/wp\/v2\/posts\/257292\/revisions\/257295"}],"wp:featuredmedia":[{"embeddable":true,"href":"https:\/\/ugel04.gob.pe\/home\/wp-json\/wp\/v2\/media\/257293"}],"wp:attachment":[{"href":"https:\/\/ugel04.gob.pe\/home\/wp-json\/wp\/v2\/media?parent=257292"}],"wp:term":[{"taxonomy":"category","embeddable":true,"href":"https:\/\/ugel04.gob.pe\/home\/wp-json\/wp\/v2\/categories?post=257292"},{"taxonomy":"post_tag","embeddable":true,"href":"https:\/\/ugel04.gob.pe\/home\/wp-json\/wp\/v2\/tags?post=257292"}],"curies":[{"name":"wp","href":"https:\/\/api.w.org\/{rel}","templated":true}]}}