{"id":257209,"date":"2024-09-04T15:04:49","date_gmt":"2024-09-04T20:04:49","guid":{"rendered":"https:\/\/ugel04.gob.pe\/home\/?p=257209"},"modified":"2024-09-04T15:09:53","modified_gmt":"2024-09-04T20:09:53","slug":"programa-de-alfabetizacion-del-adulto-mayor-se-desarrolla-con-exito-en-nuestra-jurisdiccion","status":"publish","type":"post","link":"https:\/\/ugel04.gob.pe\/home\/programa-de-alfabetizacion-del-adulto-mayor-se-desarrolla-con-exito-en-nuestra-jurisdiccion\/","title":{"rendered":"PROGRAMA DE ALFABETIZACI\u00d3N DEL ADULTO MAYOR SE DESARROLLA CON \u00c9XITO EN NUESTRA JURISDICCI\u00d3N"},"content":{"rendered":"<p>[et_pb_section fb_built=\u00bb1&#8243; theme_builder_area=\u00bbpost_content\u00bb _builder_version=\u00bb4.27.0&#8243; _module_preset=\u00bbdefault\u00bb da_is_popup=\u00bboff\u00bb da_exit_intent=\u00bboff\u00bb da_has_close=\u00bbon\u00bb da_alt_close=\u00bboff\u00bb da_dark_close=\u00bboff\u00bb da_not_modal=\u00bbon\u00bb da_is_singular=\u00bboff\u00bb da_with_loader=\u00bboff\u00bb da_has_shadow=\u00bbon\u00bb da_disable_devices=\u00bboff|off|off\u00bb][et_pb_row _builder_version=\u00bb4.27.0&#8243; _module_preset=\u00bbdefault\u00bb theme_builder_area=\u00bbpost_content\u00bb][et_pb_column _builder_version=\u00bb4.27.0&#8243; _module_preset=\u00bbdefault\u00bb type=\u00bb4_4&#8243; theme_builder_area=\u00bbpost_content\u00bb][et_pb_text _builder_version=\u00bb4.27.0&#8243; _module_preset=\u00bbdefault\u00bb theme_builder_area=\u00bbpost_content\u00bb hover_enabled=\u00bb0&#8243; sticky_enabled=\u00bb0&#8243;]<\/p>\n<p>La Unidad de Gesti\u00f3n Educativa Local 04, en colaboraci\u00f3n con la Municipalidad de Lima, sigue desarrollando de manera exitosa el Programa de Alfabetizaci\u00f3n del Adulto Mayor (PAM) en beneficio de cientos de personas de la tercera edad de nuestra jurisdicci\u00f3n, priorizando de esta manera el compromiso de ambas instituciones con la mejora de la calidad de vida de este grupo etario.<\/p>\n<p>En este contexto, el jefe AGEBATP Roberto Zevallos, en representaci\u00f3n de la directora de UGEL 04, Nelly Cunza, visit\u00f3 la sede del PAM ubicada en el distrito de Carabayllo, en donde destac\u00f3 el crecimiento y el impacto positivo del programa, que comenz\u00f3 como un modesto proyecto y hoy ha evolucionado significativamente, \u00abeste programa empez\u00f3 como un peque\u00f1o sue\u00f1o,\u00bb coment\u00f3 Zevallos.<\/p>\n<p>\u00abCont\u00e1bamos con solo dos maestras en las zonas altas de Collique, y la labor que realizaban no era visible. Sin embargo, con la colaboraci\u00f3n del Sr. Reategui, representante de la Municipalidad de Lima, logramos reunir docentes de Educaci\u00f3n B\u00e1sica Alternativa (EBA) para ense\u00f1ar a nuestros adultos mayores. Actualmente, hemos incrementado el n\u00famero de profesores a nueve.\u00bb, agreg\u00f3.<\/p>\n<p>El programa se centra en ofrecer una educaci\u00f3n integral y actividades f\u00edsicas que fomenten el bienestar de los adultos mayores; cada jornada comienza con ejercicios de danza y movimientos corporales dirigidos por un profesor especializado del Instituto Peruano del Deporte (IPD). Despu\u00e9s, los participantes trabajan en su desarrollo cognitivo mediante el uso de materiales did\u00e1cticos con la profesora Graciela Ramos.}<\/p>\n<p>La jornada tambi\u00e9n incluye momentos para interpretar cuentos m\u00e1gicos, integrando aspectos te\u00f3ricos y f\u00edsicos en el proceso educativo.<\/p>\n<p>Adem\u00e1s, se ofrece apoyo adicional en el monitoreo de signos vitales y otras actividades relacionadas con el cuidado del adulto mayor, gracias al CETPRO Promae Comas, este enfoque integral asegura que las necesidades f\u00edsicas, cognitivas y emocionales de los participantes sean atendidas de manera efectiva.<\/p>\n<p>La UGEL 04 contin\u00faan trabajando con dedicaci\u00f3n para enriquecer el PAM y responder a las necesidades cambiantes de nuestra comunidad de adultos mayores.<\/p>\n<p>[\/et_pb_text][\/et_pb_column][\/et_pb_row][\/et_pb_section]<\/p>\n","protected":false},"excerpt":{"rendered":"<p>La Unidad de Gesti\u00f3n Educativa Local 04, en colaboraci\u00f3n con la Municipalidad de Lima, sigue desarrollando de manera exitosa el Programa de Alfabetizaci\u00f3n del Adulto Mayor (PAM) en beneficio de [&hellip;]<\/p>\n","protected":false},"author":1,"featured_media":257210,"comment_status":"open","ping_status":"open","sticky":false,"template":"","format":"standard","meta":{"_et_pb_use_builder":"on","_et_pb_old_content":"","_et_gb_content_width":"1080","footnotes":""},"categories":[10],"tags":[],"class_list":["post-257209","post","type-post","status-publish","format-standard","has-post-thumbnail","hentry","category-noticias"],"_links":{"self":[{"href":"https:\/\/ugel04.gob.pe\/home\/wp-json\/wp\/v2\/posts\/257209","targetHints":{"allow":["GET"]}}],"collection":[{"href":"https:\/\/ugel04.gob.pe\/home\/wp-json\/wp\/v2\/posts"}],"about":[{"href":"https:\/\/ugel04.gob.pe\/home\/wp-json\/wp\/v2\/types\/post"}],"author":[{"embeddable":true,"href":"https:\/\/ugel04.gob.pe\/home\/wp-json\/wp\/v2\/users\/1"}],"replies":[{"embeddable":true,"href":"https:\/\/ugel04.gob.pe\/home\/wp-json\/wp\/v2\/comments?post=257209"}],"version-history":[{"count":2,"href":"https:\/\/ugel04.gob.pe\/home\/wp-json\/wp\/v2\/posts\/257209\/revisions"}],"predecessor-version":[{"id":257212,"href":"https:\/\/ugel04.gob.pe\/home\/wp-json\/wp\/v2\/posts\/257209\/revisions\/257212"}],"wp:featuredmedia":[{"embeddable":true,"href":"https:\/\/ugel04.gob.pe\/home\/wp-json\/wp\/v2\/media\/257210"}],"wp:attachment":[{"href":"https:\/\/ugel04.gob.pe\/home\/wp-json\/wp\/v2\/media?parent=257209"}],"wp:term":[{"taxonomy":"category","embeddable":true,"href":"https:\/\/ugel04.gob.pe\/home\/wp-json\/wp\/v2\/categories?post=257209"},{"taxonomy":"post_tag","embeddable":true,"href":"https:\/\/ugel04.gob.pe\/home\/wp-json\/wp\/v2\/tags?post=257209"}],"curies":[{"name":"wp","href":"https:\/\/api.w.org\/{rel}","templated":true}]}}