{"id":257162,"date":"2024-08-26T17:44:08","date_gmt":"2024-08-26T22:44:08","guid":{"rendered":"https:\/\/ugel04.gob.pe\/home\/?p=257162"},"modified":"2024-08-26T17:44:15","modified_gmt":"2024-08-26T22:44:15","slug":"ie-2065-j-a-encinas-adquiere-laptop-y-proyectores-para-sus-aulas","status":"publish","type":"post","link":"https:\/\/ugel04.gob.pe\/home\/ie-2065-j-a-encinas-adquiere-laptop-y-proyectores-para-sus-aulas\/","title":{"rendered":"IE 2065 J. A. ENCINAS ADQUIERE LAPTOP Y PROYECTORES PARA SUS AULAS"},"content":{"rendered":"<p>[et_pb_section fb_built=\u00bb1&#8243; theme_builder_area=\u00bbpost_content\u00bb _builder_version=\u00bb4.27.0&#8243; _module_preset=\u00bbdefault\u00bb da_is_popup=\u00bboff\u00bb da_exit_intent=\u00bboff\u00bb da_has_close=\u00bbon\u00bb da_alt_close=\u00bboff\u00bb da_dark_close=\u00bboff\u00bb da_not_modal=\u00bbon\u00bb da_is_singular=\u00bboff\u00bb da_with_loader=\u00bboff\u00bb da_has_shadow=\u00bbon\u00bb da_disable_devices=\u00bboff|off|off\u00bb][et_pb_row _builder_version=\u00bb4.27.0&#8243; _module_preset=\u00bbdefault\u00bb theme_builder_area=\u00bbpost_content\u00bb][et_pb_column _builder_version=\u00bb4.27.0&#8243; _module_preset=\u00bbdefault\u00bb type=\u00bb4_4&#8243; theme_builder_area=\u00bbpost_content\u00bb][et_pb_text _builder_version=\u00bb4.27.0&#8243; _module_preset=\u00bbdefault\u00bb theme_builder_area=\u00bbpost_content\u00bb hover_enabled=\u00bb0&#8243; sticky_enabled=\u00bb0&#8243;]<\/p>\n<p>Gracias a la fruct\u00edfera gesti\u00f3n del director del plantel y la decisiva colaboraci\u00f3n de los padres de familia, la IE N\u00b0 2065 Jos\u00e9 Antonio Encinas Franco, de Puente Piedra, adquiri\u00f3 12 proyectores multimedia y 12 computadoras port\u00e1tiles (laptop) de \u00faltima generaci\u00f3n, para su uso en cada uno de los salones de clases, en el que reciben servicio educativo m\u00e1s de 750 escolares del nivel primaria.<\/p>\n<p>La presentaci\u00f3n y entrega de las herramientas tecnol\u00f3gicas a los beneficiarios se llev\u00f3 a cabo en el marco de una ceremonia emotiva, con presencia de la directora de la UGEL 04 Nelly Cunza Pr\u00edncipe, quien hizo las veces de madrina y felicit\u00f3 a los integrantes de la comunidad educativa de la escuela N\u00b0 2065, por su valioso apoyo en la consecuci\u00f3n del presente logro.<\/p>\n<p>\u201cFelicito al director Samuel Encinas; as\u00ed como a los padres de familia por el gran trabajo que vienen desarrollando a favor de la mejora de las condiciones educativas. Esta adquisici\u00f3n es sumamente beneficiosa porque conectar\u00e1 a los estudiantes con el mundo, mejorar\u00e1 sus habilidades cognitivas y allanar\u00e1 el camino para consolidar la digitalizaci\u00f3n del sistema educativo en la escuela\u201d, se\u00f1al\u00f3 la titular de nuestra entidad.<\/p>\n<p>A su turno, el director de la IE 2065, resalt\u00f3 la importancia del trabajo colaborativo con el p\u00fablico interno y externo, que ha hecho posible no solo la adquisici\u00f3n de equipos, sino tambi\u00e9n el mejoramiento de la infraestructura, \u201ccon la colaboraci\u00f3n de la APAFA, cada a\u00f1o realizamos diversas actividades de recaudaci\u00f3n de fondos para dotar de las herramientas y comodidades que merecen los escolares. Al igual que el aporte del Municipio local y otros aliados, que ha servido para mejorar notablemente el servicio educativo que hoy nos caracteriza\u201d, refiri\u00f3 Samuel Encinas.<\/p>\n<p><strong>Bodas de diamante<\/strong><\/p>\n<p>La entrega de los equipos multimedia a cada uno de los docentes de los seis grados de nivel primaria, coincide con las actividades preparadas para celebrar el 60 aniversario de creaci\u00f3n de la IE N\u00b0 2065 Jos\u00e9 Antonio Encinas Franco, el cual tendr\u00e1 un cierre especial en su d\u00eda central, el jueves 29 de agosto.<\/p>\n<p>\u00a1Feliz Bodas de Diamante!<\/p>\n<p>[\/et_pb_text][\/et_pb_column][\/et_pb_row][\/et_pb_section]<\/p>\n","protected":false},"excerpt":{"rendered":"<p>Gracias a la fruct\u00edfera gesti\u00f3n del director del plantel y la decisiva colaboraci\u00f3n de los padres de familia, la IE N\u00b0 2065 Jos\u00e9 Antonio Encinas Franco, de Puente Piedra, adquiri\u00f3 [&hellip;]<\/p>\n","protected":false},"author":1,"featured_media":257163,"comment_status":"open","ping_status":"open","sticky":false,"template":"","format":"standard","meta":{"_et_pb_use_builder":"on","_et_pb_old_content":"","_et_gb_content_width":"1080","footnotes":""},"categories":[10],"tags":[],"class_list":["post-257162","post","type-post","status-publish","format-standard","has-post-thumbnail","hentry","category-noticias"],"_links":{"self":[{"href":"https:\/\/ugel04.gob.pe\/home\/wp-json\/wp\/v2\/posts\/257162","targetHints":{"allow":["GET"]}}],"collection":[{"href":"https:\/\/ugel04.gob.pe\/home\/wp-json\/wp\/v2\/posts"}],"about":[{"href":"https:\/\/ugel04.gob.pe\/home\/wp-json\/wp\/v2\/types\/post"}],"author":[{"embeddable":true,"href":"https:\/\/ugel04.gob.pe\/home\/wp-json\/wp\/v2\/users\/1"}],"replies":[{"embeddable":true,"href":"https:\/\/ugel04.gob.pe\/home\/wp-json\/wp\/v2\/comments?post=257162"}],"version-history":[{"count":2,"href":"https:\/\/ugel04.gob.pe\/home\/wp-json\/wp\/v2\/posts\/257162\/revisions"}],"predecessor-version":[{"id":257165,"href":"https:\/\/ugel04.gob.pe\/home\/wp-json\/wp\/v2\/posts\/257162\/revisions\/257165"}],"wp:featuredmedia":[{"embeddable":true,"href":"https:\/\/ugel04.gob.pe\/home\/wp-json\/wp\/v2\/media\/257163"}],"wp:attachment":[{"href":"https:\/\/ugel04.gob.pe\/home\/wp-json\/wp\/v2\/media?parent=257162"}],"wp:term":[{"taxonomy":"category","embeddable":true,"href":"https:\/\/ugel04.gob.pe\/home\/wp-json\/wp\/v2\/categories?post=257162"},{"taxonomy":"post_tag","embeddable":true,"href":"https:\/\/ugel04.gob.pe\/home\/wp-json\/wp\/v2\/tags?post=257162"}],"curies":[{"name":"wp","href":"https:\/\/api.w.org\/{rel}","templated":true}]}}