{"id":257151,"date":"2024-08-23T17:20:31","date_gmt":"2024-08-23T22:20:31","guid":{"rendered":"https:\/\/ugel04.gob.pe\/home\/?p=257151"},"modified":"2024-08-23T17:20:38","modified_gmt":"2024-08-23T22:20:38","slug":"promesa-cumplida-ugel-04-inaugura-modulo-educativo-en-ie-luis-alberto-sanchez-de-comas","status":"publish","type":"post","link":"https:\/\/ugel04.gob.pe\/home\/promesa-cumplida-ugel-04-inaugura-modulo-educativo-en-ie-luis-alberto-sanchez-de-comas\/","title":{"rendered":"PROMESA CUMPLIDA: UGEL 04 INAUGURA M\u00d3DULO EDUCATIVO EN IE LUIS ALBERTO SANCHEZ DE COMAS"},"content":{"rendered":"<p>[et_pb_section fb_built=\u00bb1&#8243; theme_builder_area=\u00bbpost_content\u00bb _builder_version=\u00bb4.27.0&#8243; _module_preset=\u00bbdefault\u00bb da_is_popup=\u00bboff\u00bb da_exit_intent=\u00bboff\u00bb da_has_close=\u00bbon\u00bb da_alt_close=\u00bboff\u00bb da_dark_close=\u00bboff\u00bb da_not_modal=\u00bbon\u00bb da_is_singular=\u00bboff\u00bb da_with_loader=\u00bboff\u00bb da_has_shadow=\u00bbon\u00bb da_disable_devices=\u00bboff|off|off\u00bb][et_pb_row _builder_version=\u00bb4.27.0&#8243; _module_preset=\u00bbdefault\u00bb theme_builder_area=\u00bbpost_content\u00bb][et_pb_column _builder_version=\u00bb4.27.0&#8243; _module_preset=\u00bbdefault\u00bb type=\u00bb4_4&#8243; theme_builder_area=\u00bbpost_content\u00bb][et_pb_text _builder_version=\u00bb4.27.0&#8243; _module_preset=\u00bbdefault\u00bb theme_builder_area=\u00bbpost_content\u00bb hover_enabled=\u00bb0&#8243; sticky_enabled=\u00bb0&#8243;]<\/p>\n<p>Ante la algarab\u00eda de los integrantes de la comunidad educativa de la IE Luis Alberto S\u00e1nchez, ubicada en el A.H. Vista Alegre del Carmen, Comas, la directora de la UGEL 04, Nelly Cunza, inaugur\u00f3 en el lugar, un moderno m\u00f3dulo prefabricado para aula tipo costa homologado por Pronied, el cual albergar\u00e1 a estudiantes del nivel primaria, durante su formaci\u00f3n pedag\u00f3gica.<\/p>\n<p>La puesta en servicio de esta infraestructura gestionada por nuestra entidad, permitir\u00e1 a los ni\u00f1os y ni\u00f1as beneficiarias recibir clases en un ambiente c\u00f3modo, seguro y amplio, luego de casi seis meses de haber ocupado aulas fabricadas con madera, mejorando de esta manera en forma significativa las condiciones educativas de esta escuela primaria ubicada en la zona alta del sector de Comas.<\/p>\n<p>Durante la ceremonia de inauguraci\u00f3n, los estudiantes de la IE Luis A. S\u00e1nchez expresaron su agradecimiento a la directora Nelly Cunza por haber cumplido su promesa de dotar de esta moderna aula a la escuela, con frases como: \u201cgracias por su apoyo\u201d, \u201cpromesa cumplida\u201d, \u201clas promesas se cumplen, gracias directora\u201d, entre otras.<\/p>\n<p>Ante ello, la titular de la UGEL 04 expres\u00f3 su felicidad por el logro, manifestado que como autoridad solo viene cumpliendo su obligaci\u00f3n, \u201ces nuestro deber garantizar la educaci\u00f3n \u00f3ptima de todos nuestros escolares. Esta acci\u00f3n no lo hemos solos, por ello agradezco a la directora del plantel Fabiola Torrealva, a los padres de familia y a cada uno de ustedes por su colaboraci\u00f3n en todo momento a fin de que la instalaci\u00f3n del m\u00f3dulo se concrete\u201d, se\u00f1al\u00f3.<\/p>\n<p>Asimismo, manifest\u00f3 que el uso del m\u00f3dulo educativo ser\u00e1 temporal, porque conf\u00eda en que en un futuro pr\u00f3ximo se construir\u00e1 una infraestructura con material noble, para beneficio de miles de estudiantes que vendr\u00e1n en lo sucesivo; en este sentido, invoc\u00f3 el cuidado de este bien material, porque seguir\u00e1 sirviendo a m\u00e1s alumnos, cuando en alg\u00fan momento se traslade a otro lugar que lo requiera.<\/p>\n<p>Cabe destacar que, el presente m\u00f3dulo educativo prefabricado para aula tipo costa homologado por el PRONIED- MINEDU, ocupa un \u00e1rea de 81 metros cuadrados, el cual brindar\u00e1 el confort t\u00e9rmico y lum\u00ednico adecuado para el desarrollo de las actividades pedag\u00f3gicas, lo que contribuir\u00e1 al logro de los aprendizajes esperados para los ni\u00f1os y las ni\u00f1as de la IE Luis Alberto S\u00e1nchez, la cual atiende a 110 estudiantes de nivel primaria.<\/p>\n<p>[\/et_pb_text][\/et_pb_column][\/et_pb_row][\/et_pb_section]<\/p>\n","protected":false},"excerpt":{"rendered":"<p>Ante la algarab\u00eda de los integrantes de la comunidad educativa de la IE Luis Alberto S\u00e1nchez, ubicada en el A.H. Vista Alegre del Carmen, Comas, la directora de la UGEL [&hellip;]<\/p>\n","protected":false},"author":1,"featured_media":257152,"comment_status":"open","ping_status":"open","sticky":false,"template":"","format":"standard","meta":{"_et_pb_use_builder":"on","_et_pb_old_content":"","_et_gb_content_width":"1080","footnotes":""},"categories":[10],"tags":[],"class_list":["post-257151","post","type-post","status-publish","format-standard","has-post-thumbnail","hentry","category-noticias"],"_links":{"self":[{"href":"https:\/\/ugel04.gob.pe\/home\/wp-json\/wp\/v2\/posts\/257151","targetHints":{"allow":["GET"]}}],"collection":[{"href":"https:\/\/ugel04.gob.pe\/home\/wp-json\/wp\/v2\/posts"}],"about":[{"href":"https:\/\/ugel04.gob.pe\/home\/wp-json\/wp\/v2\/types\/post"}],"author":[{"embeddable":true,"href":"https:\/\/ugel04.gob.pe\/home\/wp-json\/wp\/v2\/users\/1"}],"replies":[{"embeddable":true,"href":"https:\/\/ugel04.gob.pe\/home\/wp-json\/wp\/v2\/comments?post=257151"}],"version-history":[{"count":2,"href":"https:\/\/ugel04.gob.pe\/home\/wp-json\/wp\/v2\/posts\/257151\/revisions"}],"predecessor-version":[{"id":257154,"href":"https:\/\/ugel04.gob.pe\/home\/wp-json\/wp\/v2\/posts\/257151\/revisions\/257154"}],"wp:featuredmedia":[{"embeddable":true,"href":"https:\/\/ugel04.gob.pe\/home\/wp-json\/wp\/v2\/media\/257152"}],"wp:attachment":[{"href":"https:\/\/ugel04.gob.pe\/home\/wp-json\/wp\/v2\/media?parent=257151"}],"wp:term":[{"taxonomy":"category","embeddable":true,"href":"https:\/\/ugel04.gob.pe\/home\/wp-json\/wp\/v2\/categories?post=257151"},{"taxonomy":"post_tag","embeddable":true,"href":"https:\/\/ugel04.gob.pe\/home\/wp-json\/wp\/v2\/tags?post=257151"}],"curies":[{"name":"wp","href":"https:\/\/api.w.org\/{rel}","templated":true}]}}