{"id":257147,"date":"2024-08-23T15:39:14","date_gmt":"2024-08-23T20:39:14","guid":{"rendered":"https:\/\/ugel04.gob.pe\/home\/?p=257147"},"modified":"2024-08-26T16:37:40","modified_gmt":"2024-08-26T21:37:40","slug":"ugel-04-inicia-segundo-tramo-de-monitoreo-pedagogico-en-instituciones-educativas","status":"publish","type":"post","link":"https:\/\/ugel04.gob.pe\/home\/ugel-04-inicia-segundo-tramo-de-monitoreo-pedagogico-en-instituciones-educativas\/","title":{"rendered":"UGEL 04 CONTIN\u00daA SEGUNDO TRAMO DE MONITOREO PEDAG\u00d3GICO EN INSTITUCIONES EDUCATIVAS"},"content":{"rendered":"<p>[et_pb_section fb_built=\u00bb1&#8243; _builder_version=\u00bb4.27.0&#8243; _module_preset=\u00bbdefault\u00bb da_disable_devices=\u00bboff|off|off\u00bb global_colors_info=\u00bb{}\u00bb da_is_popup=\u00bboff\u00bb da_exit_intent=\u00bboff\u00bb da_has_close=\u00bbon\u00bb da_alt_close=\u00bboff\u00bb da_dark_close=\u00bboff\u00bb da_not_modal=\u00bbon\u00bb da_is_singular=\u00bboff\u00bb da_with_loader=\u00bboff\u00bb da_has_shadow=\u00bbon\u00bb][et_pb_row _builder_version=\u00bb4.27.0&#8243; _module_preset=\u00bbdefault\u00bb global_colors_info=\u00bb{}\u00bb][et_pb_column type=\u00bb4_4&#8243; _builder_version=\u00bb4.27.0&#8243; _module_preset=\u00bbdefault\u00bb global_colors_info=\u00bb{}\u00bb][et_pb_text _builder_version=\u00bb4.27.0&#8243; _module_preset=\u00bbdefault\u00bb global_colors_info=\u00bb{}\u00bb]<\/p>\n<p>Con el objetivo de mejorar la calidad educativa a trav\u00e9s de un an\u00e1lisis detallado del desempe\u00f1o docente, la UGEL 04 a trav\u00e9s del \u00c1rea de Gesti\u00f3n de la Educaci\u00f3n B\u00e1sica Regular y Especial (AGEBRE), viene realizando el segundo tramo del proceso de monitoreo pedag\u00f3gico en diferentes instituciones educativas pertenecientes a nuestra jurisdicci\u00f3n.<\/p>\n<p>Durante este proceso, especialistas de AGEBRE realizan observaciones en el aula, evaluando las sesiones de aprendizaje de los profesores de secundaria, primaria e inicial, utilizando para ello, una ficha de monitoreo de desempe\u00f1o docente 2024; la misma que, se basa en una r\u00fabrica de observaci\u00f3n que califica el desempe\u00f1o del maestro para involucrar activamente a los estudiantes en el proceso de aprendizaje.<\/p>\n<p>El monitoreo implica la presencia de los especialistas junto con los directivos de cada instituci\u00f3n educativa en los salones de clase. Esta colaboraci\u00f3n permite observar y analizar en tiempo real las pr\u00e1cticas pedag\u00f3gicas, ofreciendo as\u00ed una retroalimentaci\u00f3n directa y constructiva a los docentes.<\/p>\n<p>Posteriormente, se lleva a cabo un di\u00e1logo reflexivo con el docente y el directivo para discutir las fortalezas y \u00e1reas de mejora identificadas durante la sesi\u00f3n de aprendizaje.<\/p>\n<p>Uno de los objetivos clave es asegurar que los docentes trabajen dentro del enfoque del \u00e1rea, utilizando materiales educativos adecuados y promoviendo habilidades de orden superior como el razonamiento, la creatividad y el pensamiento cr\u00edtico.<\/p>\n<p>Esta supervisi\u00f3n forma parte de un programa m\u00e1s amplio que incluye una evaluaci\u00f3n inicial al comienzo del a\u00f1o escolar y una revisi\u00f3n final en el mes de noviembre; el actual tramo se enfoca especialmente en aquellos colegios que a\u00fan no han sido visitados anteriormente.<\/p>\n<p>Al respecto, la subdirectora de la IE Esther Festini de Comas, Olinda Ya\u00f1ez, destac\u00f3 el valor del monitoreo compartido, enfatizando el trato horizontal y la ausencia de estr\u00e9s para los docentes, lo cual favorece un ambiente de aprendizaje positivo, adem\u00e1s se\u00f1al\u00f3 que el monitoreo ha permitido recibir valiosos aportes y sugerencias para la mejora continua.<\/p>\n<p>Cabe resaltar la presencia del jefe de AGEBRE, Johnny Ventura, durante el desarrollo de esta actividad, quien expres\u00f3 su agradecimiento por el esfuerzo y dedicaci\u00f3n de los docentes, alent\u00e1ndolos a continuar con la pr\u00e1ctica activa y efectiva de las sesiones de aprendizaje para una mejora continua en los resultados educativos de los estudiantes.<\/p>\n<p>[\/et_pb_text][\/et_pb_column][\/et_pb_row][\/et_pb_section]<\/p>\n","protected":false},"excerpt":{"rendered":"<p>Con el objetivo de mejorar la calidad educativa a trav\u00e9s de un an\u00e1lisis detallado del desempe\u00f1o docente, la UGEL 04 a trav\u00e9s del \u00c1rea de Gesti\u00f3n de la Educaci\u00f3n B\u00e1sica [&hellip;]<\/p>\n","protected":false},"author":1,"featured_media":257148,"comment_status":"open","ping_status":"open","sticky":false,"template":"","format":"standard","meta":{"_et_pb_use_builder":"on","_et_pb_old_content":"","_et_gb_content_width":"1080","footnotes":""},"categories":[10],"tags":[],"class_list":["post-257147","post","type-post","status-publish","format-standard","has-post-thumbnail","hentry","category-noticias"],"_links":{"self":[{"href":"https:\/\/ugel04.gob.pe\/home\/wp-json\/wp\/v2\/posts\/257147","targetHints":{"allow":["GET"]}}],"collection":[{"href":"https:\/\/ugel04.gob.pe\/home\/wp-json\/wp\/v2\/posts"}],"about":[{"href":"https:\/\/ugel04.gob.pe\/home\/wp-json\/wp\/v2\/types\/post"}],"author":[{"embeddable":true,"href":"https:\/\/ugel04.gob.pe\/home\/wp-json\/wp\/v2\/users\/1"}],"replies":[{"embeddable":true,"href":"https:\/\/ugel04.gob.pe\/home\/wp-json\/wp\/v2\/comments?post=257147"}],"version-history":[{"count":4,"href":"https:\/\/ugel04.gob.pe\/home\/wp-json\/wp\/v2\/posts\/257147\/revisions"}],"predecessor-version":[{"id":257161,"href":"https:\/\/ugel04.gob.pe\/home\/wp-json\/wp\/v2\/posts\/257147\/revisions\/257161"}],"wp:featuredmedia":[{"embeddable":true,"href":"https:\/\/ugel04.gob.pe\/home\/wp-json\/wp\/v2\/media\/257148"}],"wp:attachment":[{"href":"https:\/\/ugel04.gob.pe\/home\/wp-json\/wp\/v2\/media?parent=257147"}],"wp:term":[{"taxonomy":"category","embeddable":true,"href":"https:\/\/ugel04.gob.pe\/home\/wp-json\/wp\/v2\/categories?post=257147"},{"taxonomy":"post_tag","embeddable":true,"href":"https:\/\/ugel04.gob.pe\/home\/wp-json\/wp\/v2\/tags?post=257147"}],"curies":[{"name":"wp","href":"https:\/\/api.w.org\/{rel}","templated":true}]}}