{"id":257137,"date":"2024-08-22T16:29:54","date_gmt":"2024-08-22T21:29:54","guid":{"rendered":"https:\/\/ugel04.gob.pe\/home\/?p=257137"},"modified":"2024-08-22T16:30:05","modified_gmt":"2024-08-22T21:30:05","slug":"jefe-de-agebatp-invoca-a-la-colectividad-a-aprovechar-el-servicio-educativo-de-eba-y-cetpro","status":"publish","type":"post","link":"https:\/\/ugel04.gob.pe\/home\/jefe-de-agebatp-invoca-a-la-colectividad-a-aprovechar-el-servicio-educativo-de-eba-y-cetpro\/","title":{"rendered":"JEFE DE AGEBATP INVOCA A LA COLECTIVIDAD A APROVECHAR EL SERVICIO EDUCATIVO DE EBA Y CETPRO"},"content":{"rendered":"<p>[et_pb_section fb_built=\u00bb1&#8243; theme_builder_area=\u00bbpost_content\u00bb _builder_version=\u00bb4.27.0&#8243; _module_preset=\u00bbdefault\u00bb da_is_popup=\u00bboff\u00bb da_exit_intent=\u00bboff\u00bb da_has_close=\u00bbon\u00bb da_alt_close=\u00bboff\u00bb da_dark_close=\u00bboff\u00bb da_not_modal=\u00bbon\u00bb da_is_singular=\u00bboff\u00bb da_with_loader=\u00bboff\u00bb da_has_shadow=\u00bbon\u00bb da_disable_devices=\u00bboff|off|off\u00bb][et_pb_row _builder_version=\u00bb4.27.0&#8243; _module_preset=\u00bbdefault\u00bb theme_builder_area=\u00bbpost_content\u00bb][et_pb_column _builder_version=\u00bb4.27.0&#8243; _module_preset=\u00bbdefault\u00bb type=\u00bb4_4&#8243; theme_builder_area=\u00bbpost_content\u00bb][et_pb_text _builder_version=\u00bb4.27.0&#8243; _module_preset=\u00bbdefault\u00bb theme_builder_area=\u00bbpost_content\u00bb hover_enabled=\u00bb0&#8243; sticky_enabled=\u00bb0&#8243;]<\/p>\n<p>En marco de las acciones que desarrolla la UGEL 04 para garantizar el cierre de la brecha educativa en nuestra jurisdicci\u00f3n, el jefe del AGEBATP, Roberto Zevallos, brind\u00f3 una entrevista a Radio Exitosa, en la que invoc\u00f3 a las personas que por diversos motivos no lograron concluir sus estudios b\u00e1sicos, a aprovechar los servicios y beneficios que brinda la educaci\u00f3n alternativa en las diversas escuelas ubicadas en los distritos de Comas Carabayllo, Puente Piedra, Anc\u00f3n y Santa Rosa.<\/p>\n<p>En este sentido, Zevallos se\u00f1al\u00f3 que con la finalidad de facilitar la reinserci\u00f3n educativa de miles de interesados, la UGEL 04 adem\u00e1s de los 17 Centros de Educaci\u00f3n B\u00e1sica Alternativa (CEBA) p\u00fablicos con los que cuenta, viene inaugurando diversos espacios perif\u00e9ricos en los lugares m\u00e1s alejados, a fin de acercar el servicio acad\u00e9mico a todos los necesitados.<\/p>\n<p>\u201cLa ventaja de estudiar en un CEBA, es que los alumnos pueden recibir clases de manera presencial y semipresencial, teniendo la oportunidad de concluir dos grados en un solo a\u00f1o. Para tal fin, primero se realiza una evaluaci\u00f3n previa a los estudiantes, para ubicarlos en el grado que le corresponde y a partir de all\u00ed, brindarle la formaci\u00f3n requerida\u201d, acot\u00f3 el jefe de AGEBATP.<\/p>\n<p>Asimismo, inform\u00f3 que en nuestra jurisdicci\u00f3n alrededor de 400 mil personas se encuentran fuera del espectro educativo o no culminaron sus estudios por motivos de fuerza mayor, de este total solo 4 mil se han reinsertado a la educaci\u00f3n alternativa; por tal motivo, hizo un llamado a la conciencia colectiva para revertir este d\u00e9ficit y contribuir al desarrollo social del pa\u00eds.<\/p>\n<p>\u201cEs vital que las personas concluyan sus estudios b\u00e1sicos para mejorar sus condiciones de vida. Recuerden que en la actualidad para acceder a cualquier empleo formal, es requisito indispensable poseer un certificado de estudio con secundaria completa. Lo mismo se solicita para obtener la licencia de conducir; as\u00ed que, nadie debe dejar de aprovechar las chances que te brindan los CEBA\u201d, agreg\u00f3.<\/p>\n<p>Finalmente, Zevallos Spinetta mencion\u00f3 que otra modalidad de estudio para lograr la inserci\u00f3n en el mercado laboral es la que ofrecen los Centros de Educaci\u00f3n T\u00e9cnica Productiva (CETPRO), el mismo que tras un periodo corto de capacitaci\u00f3n, brinda las capacidades necesarias para que los estudiantes puedan ejercer labores y oficios de alta demanda en nuestro pa\u00eds.<\/p>\n<p>Al respecto, debemos se\u00f1alar que la UGEL 04 tiene 14 CETPRO, ubicados en los distintos distritos de su sector, los mismos que reciben permanentemente a cientos de estudiantes, para brindarles formaci\u00f3n t\u00e9cnica gratuita, asegurando su pronta empleabilidad.<\/p>\n<p>El jefe de AGEBATP realiz\u00f3 estas declaraciones en el programa \u201cHablemos Claro\u201d, que conduce el reconocido periodista Nicol\u00e1s Lucar.<\/p>\n<p>[\/et_pb_text][\/et_pb_column][\/et_pb_row][\/et_pb_section]<\/p>\n","protected":false},"excerpt":{"rendered":"<p>En marco de las acciones que desarrolla la UGEL 04 para garantizar el cierre de la brecha educativa en nuestra jurisdicci\u00f3n, el jefe del AGEBATP, Roberto Zevallos, brind\u00f3 una entrevista [&hellip;]<\/p>\n","protected":false},"author":1,"featured_media":257138,"comment_status":"open","ping_status":"open","sticky":false,"template":"","format":"standard","meta":{"_et_pb_use_builder":"on","_et_pb_old_content":"","_et_gb_content_width":"1080","footnotes":""},"categories":[10],"tags":[],"class_list":["post-257137","post","type-post","status-publish","format-standard","has-post-thumbnail","hentry","category-noticias"],"_links":{"self":[{"href":"https:\/\/ugel04.gob.pe\/home\/wp-json\/wp\/v2\/posts\/257137","targetHints":{"allow":["GET"]}}],"collection":[{"href":"https:\/\/ugel04.gob.pe\/home\/wp-json\/wp\/v2\/posts"}],"about":[{"href":"https:\/\/ugel04.gob.pe\/home\/wp-json\/wp\/v2\/types\/post"}],"author":[{"embeddable":true,"href":"https:\/\/ugel04.gob.pe\/home\/wp-json\/wp\/v2\/users\/1"}],"replies":[{"embeddable":true,"href":"https:\/\/ugel04.gob.pe\/home\/wp-json\/wp\/v2\/comments?post=257137"}],"version-history":[{"count":2,"href":"https:\/\/ugel04.gob.pe\/home\/wp-json\/wp\/v2\/posts\/257137\/revisions"}],"predecessor-version":[{"id":257140,"href":"https:\/\/ugel04.gob.pe\/home\/wp-json\/wp\/v2\/posts\/257137\/revisions\/257140"}],"wp:featuredmedia":[{"embeddable":true,"href":"https:\/\/ugel04.gob.pe\/home\/wp-json\/wp\/v2\/media\/257138"}],"wp:attachment":[{"href":"https:\/\/ugel04.gob.pe\/home\/wp-json\/wp\/v2\/media?parent=257137"}],"wp:term":[{"taxonomy":"category","embeddable":true,"href":"https:\/\/ugel04.gob.pe\/home\/wp-json\/wp\/v2\/categories?post=257137"},{"taxonomy":"post_tag","embeddable":true,"href":"https:\/\/ugel04.gob.pe\/home\/wp-json\/wp\/v2\/tags?post=257137"}],"curies":[{"name":"wp","href":"https:\/\/api.w.org\/{rel}","templated":true}]}}