{"id":257133,"date":"2024-08-21T18:13:53","date_gmt":"2024-08-21T23:13:53","guid":{"rendered":"https:\/\/ugel04.gob.pe\/home\/?p=257133"},"modified":"2024-08-21T18:14:02","modified_gmt":"2024-08-21T23:14:02","slug":"estudiantes-de-cetpro-reciben-certificado-de-competencias-laborales-a-nombre-de-la-unmsm","status":"publish","type":"post","link":"https:\/\/ugel04.gob.pe\/home\/estudiantes-de-cetpro-reciben-certificado-de-competencias-laborales-a-nombre-de-la-unmsm\/","title":{"rendered":"ESTUDIANTES DE CETPRO RECIBEN CERTIFICADO DE COMPETENCIAS LABORALES A NOMBRE DE LA UNMSM"},"content":{"rendered":"<p>[et_pb_section fb_built=\u00bb1&#8243; theme_builder_area=\u00bbpost_content\u00bb _builder_version=\u00bb4.27.0&#8243; _module_preset=\u00bbdefault\u00bb da_is_popup=\u00bboff\u00bb da_exit_intent=\u00bboff\u00bb da_has_close=\u00bbon\u00bb da_alt_close=\u00bboff\u00bb da_dark_close=\u00bboff\u00bb da_not_modal=\u00bbon\u00bb da_is_singular=\u00bboff\u00bb da_with_loader=\u00bboff\u00bb da_has_shadow=\u00bbon\u00bb da_disable_devices=\u00bboff|off|off\u00bb][et_pb_row _builder_version=\u00bb4.27.0&#8243; _module_preset=\u00bbdefault\u00bb theme_builder_area=\u00bbpost_content\u00bb][et_pb_column _builder_version=\u00bb4.27.0&#8243; _module_preset=\u00bbdefault\u00bb type=\u00bb4_4&#8243; theme_builder_area=\u00bbpost_content\u00bb][et_pb_text _builder_version=\u00bb4.27.0&#8243; _module_preset=\u00bbdefault\u00bb theme_builder_area=\u00bbpost_content\u00bb hover_enabled=\u00bb0&#8243; sticky_enabled=\u00bb0&#8243;]<\/p>\n<p>En una emotiva ceremonia, 19 estudiantes de los Cetpro: Juana Iris Cuadros, Progreso II Sector, Nuestra Se\u00f1ora de la Misericordia, Promae y Carmen Alto, pertenecientes a nuestra jurisdicci\u00f3n, recibieron la certificaci\u00f3n de competencias laborales en confecci\u00f3n textil a nombre de la Universidad Nacional Mayor de San Marcos, luego de superar un riguroso examen de conocimientos y de desempe\u00f1o, en marco del desarrollo del programa Nacional de Empleo \u201cJ\u00f3venes Productivos\u201d.<\/p>\n<p>La obtenci\u00f3n del Certificado permitir\u00e1 a los alumnos acceder a la base de datos priorizada del Ministerio de Trabajo y Promoci\u00f3n del Empleo, con la finalidad de que en el m\u00e1s breve plazo puedan insertarse en el mercado laboral, seg\u00fan la solicitud continua de las empresas, garantizando de esta manera su superaci\u00f3n econ\u00f3mica y social.<\/p>\n<p>Cabe resaltar que, esta acci\u00f3n marca un hito en la labor educativa en nuestro sector, toda vez que, por vez primera beneficia a los estudiantes de la UGEL 04; adem\u00e1s, somos el \u00fanico lugar a nivel de Lima Metropolitana en donde se ha brindado la certificaci\u00f3n en competencia laborales a los alumnos de los Cetpro.<\/p>\n<p>Durante la ceremonia oficial desarrollada en la sede del Cetpro Juana Cuadros de Puente Piedra, el jefe del AGEBATP Roberto Zevallos, en representaci\u00f3n de la directora de la UGEL 04 Nelly Cunza, felicit\u00f3 a cada uno de los beneficiarios por su esfuerzo y capacidad, augur\u00e1ndoles el mayor de los \u00e9xitos en su pronta inserci\u00f3n laboral.<\/p>\n<p>Asimismo, se\u00f1al\u00f3 que la UGEL 04 aspira convertir en breve al Cetpro Juana Cuadros en el primer centro educativo p\u00fablico del pa\u00eds validador de competencias laborales, por cuanto el Ministerio de Trabajo ha aprobado recientemente los equipos y herramientas que esta entidad utiliza en la formaci\u00f3n t\u00e9cnica de sus estudiantes.<\/p>\n<p>Por su parte, la coordinadora del programa de certificaci\u00f3n de competencias laborales de la UNMSM, Joysy Garc\u00eda, destac\u00f3 las grandes capacidades mostradas por los 19 estudiantes beneficiarios durante el proceso de evaluaci\u00f3n, manifestando que la entrega del documento oficial es un reconocimiento p\u00fablico a su desempe\u00f1o y experiencia laboral y que adem\u00e1s, es una herramienta de respaldo para lograr su empleabilidad.<\/p>\n<p>Asimismo, hizo un llamado a que m\u00e1s personas de nuestra jurisdicci\u00f3n postulen a la convocatoria que realiza peri\u00f3dicamente el MINTRA a trav\u00e9s del Programa Nacional de Empleo \u201cJ\u00f3venes Productivos\u201d, a fin de lograr la ansiada certificaci\u00f3n que les permita encontrar r\u00e1pidamente un empleo.<\/p>\n<p><strong>A tener en cuenta<\/strong><\/p>\n<p>El Programa Nacional de Empleo \u201cJ\u00f3venes Productivos\u201d tiene por objeto fortalecer y mejorar la empleabilidad de las personas de 15 a\u00f1os a m\u00e1s, con \u00e9nfasis en la poblaci\u00f3n juvenil, en situaci\u00f3n de pobreza, pobreza extrema y\/o vulnerabilidad sociolaboral a trav\u00e9s de la capacitaci\u00f3n laboral, promoci\u00f3n del autoempleo productivo y certificaci\u00f3n de las competencias laborales, que responda a la demanda laboral.<\/p>\n<p>[\/et_pb_text][\/et_pb_column][\/et_pb_row][\/et_pb_section]<\/p>\n","protected":false},"excerpt":{"rendered":"<p>En una emotiva ceremonia, 19 estudiantes de los Cetpro: Juana Iris Cuadros, Progreso II Sector, Nuestra Se\u00f1ora de la Misericordia, Promae y Carmen Alto, pertenecientes a nuestra jurisdicci\u00f3n, recibieron la [&hellip;]<\/p>\n","protected":false},"author":1,"featured_media":257134,"comment_status":"open","ping_status":"open","sticky":false,"template":"","format":"standard","meta":{"_et_pb_use_builder":"on","_et_pb_old_content":"","_et_gb_content_width":"1080","footnotes":""},"categories":[10],"tags":[],"class_list":["post-257133","post","type-post","status-publish","format-standard","has-post-thumbnail","hentry","category-noticias"],"_links":{"self":[{"href":"https:\/\/ugel04.gob.pe\/home\/wp-json\/wp\/v2\/posts\/257133","targetHints":{"allow":["GET"]}}],"collection":[{"href":"https:\/\/ugel04.gob.pe\/home\/wp-json\/wp\/v2\/posts"}],"about":[{"href":"https:\/\/ugel04.gob.pe\/home\/wp-json\/wp\/v2\/types\/post"}],"author":[{"embeddable":true,"href":"https:\/\/ugel04.gob.pe\/home\/wp-json\/wp\/v2\/users\/1"}],"replies":[{"embeddable":true,"href":"https:\/\/ugel04.gob.pe\/home\/wp-json\/wp\/v2\/comments?post=257133"}],"version-history":[{"count":2,"href":"https:\/\/ugel04.gob.pe\/home\/wp-json\/wp\/v2\/posts\/257133\/revisions"}],"predecessor-version":[{"id":257136,"href":"https:\/\/ugel04.gob.pe\/home\/wp-json\/wp\/v2\/posts\/257133\/revisions\/257136"}],"wp:featuredmedia":[{"embeddable":true,"href":"https:\/\/ugel04.gob.pe\/home\/wp-json\/wp\/v2\/media\/257134"}],"wp:attachment":[{"href":"https:\/\/ugel04.gob.pe\/home\/wp-json\/wp\/v2\/media?parent=257133"}],"wp:term":[{"taxonomy":"category","embeddable":true,"href":"https:\/\/ugel04.gob.pe\/home\/wp-json\/wp\/v2\/categories?post=257133"},{"taxonomy":"post_tag","embeddable":true,"href":"https:\/\/ugel04.gob.pe\/home\/wp-json\/wp\/v2\/tags?post=257133"}],"curies":[{"name":"wp","href":"https:\/\/api.w.org\/{rel}","templated":true}]}}