{"id":257118,"date":"2024-08-20T17:29:03","date_gmt":"2024-08-20T22:29:03","guid":{"rendered":"https:\/\/ugel04.gob.pe\/home\/?p=257118"},"modified":"2024-08-20T17:38:49","modified_gmt":"2024-08-20T22:38:49","slug":"equipo-de-futsal-de-ie-esther-festini-campeon-regional-en-jedp-2024","status":"publish","type":"post","link":"https:\/\/ugel04.gob.pe\/home\/equipo-de-futsal-de-ie-esther-festini-campeon-regional-en-jedp-2024\/","title":{"rendered":"EQUIPO DE FUTSAL DE IE ESTHER FESTINI, CAMPE\u00d3N REGIONAL EN JEDP 2024"},"content":{"rendered":"\n[et_pb_section fb_built=\u00bb1&#8243; theme_builder_area=\u00bbpost_content\u00bb _builder_version=\u00bb4.27.0&#8243; _module_preset=\u00bbdefault\u00bb da_is_popup=\u00bboff\u00bb da_exit_intent=\u00bboff\u00bb da_has_close=\u00bbon\u00bb da_alt_close=\u00bboff\u00bb da_dark_close=\u00bboff\u00bb da_not_modal=\u00bbon\u00bb da_is_singular=\u00bboff\u00bb da_with_loader=\u00bboff\u00bb da_has_shadow=\u00bbon\u00bb da_disable_devices=\u00bboff|off|off\u00bb][et_pb_row _builder_version=\u00bb4.27.0&#8243; _module_preset=\u00bbdefault\u00bb theme_builder_area=\u00bbpost_content\u00bb][et_pb_column _builder_version=\u00bb4.27.0&#8243; _module_preset=\u00bbdefault\u00bb type=\u00bb4_4&#8243; theme_builder_area=\u00bbpost_content\u00bb][et_pb_text _builder_version=\u00bb4.27.0&#8243; _module_preset=\u00bbdefault\u00bb theme_builder_area=\u00bbpost_content\u00bb hover_enabled=\u00bb0&#8243; sticky_enabled=\u00bb0&#8243;]<p>La selecci\u00f3n de Futsal femenino \u2013 categor\u00eda B, de la IE Esther Festini de Ramos Ocampo de Comas, se erigi\u00f3 campeona regional de la disciplina, en los Juegos Escolares Deportivos y Paradeportivos (JEDP) 2024, tras vencer en un emocionante encuentro a su similar de la IE N\u00b0 6050 Juana Alarco de Dammert de Miraflores.<\/p>\n<p>El representativo de la IE Esther Festini, que representa a la UGEL 04 obtuvo el t\u00edtulo de campe\u00f3n en la Etapa Regional de los JEDP, al vencer en la tanda de penales por 3 goles a 2, a su rival perteneciente a la UGEL 07, sellando de esta manera su pase a la etapa Macrorregional, en la cual competir\u00e1 ante los ganadores de Lima Provincias, Ancash, Callao e Ica.<\/p>\n<p>En el desarrollo de la gran final que tuvo como sede el polideportivo Guillermo Dansey del Cercado de Lima, nuestras escolares dirigidas por el profesor Edwin Espinoza, exhibieron sus grandes dotes futbol\u00edsticas, sumando garra y habilidad, ante un cuadro contrincante de gran fuste que nunca se dio por vencido; motivando un empate de 2 goles por lado.<\/p>\n<p>Posteriormente, la gran capacidad y serenidad de las deportistas festinianas, permiti\u00f3 romper la igualdad en los penales, logrando el ansiado triunfo y la medalla de primer puesto a nivel de Lima Metropolitana.<\/p>\n<p>Este trascendental objetivo conseguido se dio tras una brillante campa\u00f1a desarrollada por el equipo festiniano, que debi\u00f3 ganar cuatro disputados encuentros ante los representativos campeones de otras UGEL de nuestra capital; un m\u00e9rito digno de elogio por el sacrificio, entrega y perseverancia de sus protagonistas, quienes son estudiantes con apenas 13 o 14 a\u00f1os de edad.<\/p>\n<p>Desde la UGEL 04, felicitamos a cada una de nuestras escolares campeonas regionales, al entrenador, cuerpo directivo y docente de la IE Esther Festini de Ramos Ocampo, por este importante logro que enorgullece a la comunidad educativa de la jurisdicci\u00f3n.<\/p>\n<p><strong>Nuestras campeonas<\/strong><\/p>\n<p>Felicidades: Steisy Vel\u00e1squez, Mayra Martinez, Sharmyll Hern\u00e1ndez, Karol Vel\u00e1squez, Kristell Higidio, Gratziel Jim\u00e9nez, Gema Le\u00f3n, Danika Carrasco, M\u00eda Olaya y Samara \u00c1lvarez. \u00a1Juntos, vamos por m\u00e1s!<\/p>[\/et_pb_text][\/et_pb_column][\/et_pb_row][\/et_pb_section]\n","protected":false},"excerpt":{"rendered":"<p>La selecci\u00f3n de Futsal femenino \u2013 categor\u00eda B, de la IE Esther Festini de Ramos Ocampo de Comas, se erigi\u00f3 campeona regional de la disciplina, en los Juegos Escolares Deportivos [&hellip;]<\/p>\n","protected":false},"author":1,"featured_media":257119,"comment_status":"open","ping_status":"open","sticky":false,"template":"","format":"standard","meta":{"_et_pb_use_builder":"on","_et_pb_old_content":"","_et_gb_content_width":"1080","footnotes":""},"categories":[10],"tags":[],"class_list":["post-257118","post","type-post","status-publish","format-standard","has-post-thumbnail","hentry","category-noticias"],"_links":{"self":[{"href":"https:\/\/ugel04.gob.pe\/home\/wp-json\/wp\/v2\/posts\/257118","targetHints":{"allow":["GET"]}}],"collection":[{"href":"https:\/\/ugel04.gob.pe\/home\/wp-json\/wp\/v2\/posts"}],"about":[{"href":"https:\/\/ugel04.gob.pe\/home\/wp-json\/wp\/v2\/types\/post"}],"author":[{"embeddable":true,"href":"https:\/\/ugel04.gob.pe\/home\/wp-json\/wp\/v2\/users\/1"}],"replies":[{"embeddable":true,"href":"https:\/\/ugel04.gob.pe\/home\/wp-json\/wp\/v2\/comments?post=257118"}],"version-history":[{"count":3,"href":"https:\/\/ugel04.gob.pe\/home\/wp-json\/wp\/v2\/posts\/257118\/revisions"}],"predecessor-version":[{"id":257122,"href":"https:\/\/ugel04.gob.pe\/home\/wp-json\/wp\/v2\/posts\/257118\/revisions\/257122"}],"wp:featuredmedia":[{"embeddable":true,"href":"https:\/\/ugel04.gob.pe\/home\/wp-json\/wp\/v2\/media\/257119"}],"wp:attachment":[{"href":"https:\/\/ugel04.gob.pe\/home\/wp-json\/wp\/v2\/media?parent=257118"}],"wp:term":[{"taxonomy":"category","embeddable":true,"href":"https:\/\/ugel04.gob.pe\/home\/wp-json\/wp\/v2\/categories?post=257118"},{"taxonomy":"post_tag","embeddable":true,"href":"https:\/\/ugel04.gob.pe\/home\/wp-json\/wp\/v2\/tags?post=257118"}],"curies":[{"name":"wp","href":"https:\/\/api.w.org\/{rel}","templated":true}]}}