{"id":257066,"date":"2024-08-16T11:38:01","date_gmt":"2024-08-16T16:38:01","guid":{"rendered":"https:\/\/ugel04.gob.pe\/home\/?p=257066"},"modified":"2024-08-16T11:41:57","modified_gmt":"2024-08-16T16:41:57","slug":"continua-diplomado-en-liderazgo-pedagogico-y-gestion-escolar","status":"publish","type":"post","link":"https:\/\/ugel04.gob.pe\/home\/continua-diplomado-en-liderazgo-pedagogico-y-gestion-escolar\/","title":{"rendered":"CONTIN\u00daA DIPLOMADO EN LIDERAZGO PEDAG\u00d3GICO Y GESTI\u00d3N ESCOLAR"},"content":{"rendered":"<p>[et_pb_section fb_built=\u00bb1&#8243; theme_builder_area=\u00bbpost_content\u00bb _builder_version=\u00bb4.27.0&#8243; _module_preset=\u00bbdefault\u00bb da_is_popup=\u00bboff\u00bb da_exit_intent=\u00bboff\u00bb da_has_close=\u00bbon\u00bb da_alt_close=\u00bboff\u00bb da_dark_close=\u00bboff\u00bb da_not_modal=\u00bbon\u00bb da_is_singular=\u00bboff\u00bb da_with_loader=\u00bboff\u00bb da_has_shadow=\u00bbon\u00bb da_disable_devices=\u00bboff|off|off\u00bb][et_pb_row _builder_version=\u00bb4.27.0&#8243; _module_preset=\u00bbdefault\u00bb theme_builder_area=\u00bbpost_content\u00bb][et_pb_column _builder_version=\u00bb4.27.0&#8243; _module_preset=\u00bbdefault\u00bb type=\u00bb4_4&#8243; theme_builder_area=\u00bbpost_content\u00bb][et_pb_text _builder_version=\u00bb4.27.0&#8243; _module_preset=\u00bbdefault\u00bb theme_builder_area=\u00bbpost_content\u00bb hover_enabled=\u00bb0&#8243; sticky_enabled=\u00bb0&#8243;]<\/p>\n<p>Con el objetivo de fortalecer la capacidad profesional y el liderazgo de los directivos de las instituciones educativas de nuestra jurisdicci\u00f3n, la UGEL 04 a trav\u00e9s del AGEBRE viene desarrollando el taller \u2013 diplomado en liderazgo pedag\u00f3gico y gesti\u00f3n escolar dirigido a los directores y sub directores de Educaci\u00f3n B\u00e1sica Regular (EBR) y Especial (EBE).<\/p>\n<p>En esta oportunidad la jornada de preparaci\u00f3n se realiz\u00f3 en la IE San Felipe del distrito de Comas, en la cual, especialistas en educaci\u00f3n de nuestra entidad dieron a conocer estrategias para desarrollar habilidades de orden superior como razonamiento, creatividad y pensamiento cr\u00edtico.<\/p>\n<p>Cabe destacar que, en el desarrollo de la capacitaci\u00f3n estuvo presente el jefe de AGEBRE, Johnny Ventura, quien resalt\u00f3 la importancia del liderazgo pedag\u00f3gico en los docentes, como una habilidad que permite enfrentar diversos desaf\u00edos, satisfacer las necesidades de los estudiantes y cumplir con sus expectativas.<\/p>\n<p>Como se sabe, el diplomado continuar\u00e1 desarroll\u00e1ndose hasta el mes de noviembre, de manera semipresencial, con capacitaciones realizadas por especialistas de la UGEL 04, al t\u00e9rmino del cual, los asistentes obtendr\u00e1n un diploma en liderazgo pedag\u00f3gico y gesti\u00f3n escolar.<\/p>\n<p>&nbsp;<\/p>\n<p>[\/et_pb_text][\/et_pb_column][\/et_pb_row][\/et_pb_section]<\/p>\n","protected":false},"excerpt":{"rendered":"<p>Con el objetivo de fortalecer la capacidad profesional y el liderazgo de los directivos de las instituciones educativas de nuestra jurisdicci\u00f3n, la UGEL 04 a trav\u00e9s del AGEBRE viene desarrollando [&hellip;]<\/p>\n","protected":false},"author":1,"featured_media":257067,"comment_status":"open","ping_status":"open","sticky":false,"template":"","format":"standard","meta":{"_et_pb_use_builder":"on","_et_pb_old_content":"","_et_gb_content_width":"1080","footnotes":""},"categories":[10],"tags":[],"class_list":["post-257066","post","type-post","status-publish","format-standard","has-post-thumbnail","hentry","category-noticias"],"_links":{"self":[{"href":"https:\/\/ugel04.gob.pe\/home\/wp-json\/wp\/v2\/posts\/257066","targetHints":{"allow":["GET"]}}],"collection":[{"href":"https:\/\/ugel04.gob.pe\/home\/wp-json\/wp\/v2\/posts"}],"about":[{"href":"https:\/\/ugel04.gob.pe\/home\/wp-json\/wp\/v2\/types\/post"}],"author":[{"embeddable":true,"href":"https:\/\/ugel04.gob.pe\/home\/wp-json\/wp\/v2\/users\/1"}],"replies":[{"embeddable":true,"href":"https:\/\/ugel04.gob.pe\/home\/wp-json\/wp\/v2\/comments?post=257066"}],"version-history":[{"count":3,"href":"https:\/\/ugel04.gob.pe\/home\/wp-json\/wp\/v2\/posts\/257066\/revisions"}],"predecessor-version":[{"id":257070,"href":"https:\/\/ugel04.gob.pe\/home\/wp-json\/wp\/v2\/posts\/257066\/revisions\/257070"}],"wp:featuredmedia":[{"embeddable":true,"href":"https:\/\/ugel04.gob.pe\/home\/wp-json\/wp\/v2\/media\/257067"}],"wp:attachment":[{"href":"https:\/\/ugel04.gob.pe\/home\/wp-json\/wp\/v2\/media?parent=257066"}],"wp:term":[{"taxonomy":"category","embeddable":true,"href":"https:\/\/ugel04.gob.pe\/home\/wp-json\/wp\/v2\/categories?post=257066"},{"taxonomy":"post_tag","embeddable":true,"href":"https:\/\/ugel04.gob.pe\/home\/wp-json\/wp\/v2\/tags?post=257066"}],"curies":[{"name":"wp","href":"https:\/\/api.w.org\/{rel}","templated":true}]}}