{"id":257053,"date":"2024-08-15T18:03:16","date_gmt":"2024-08-15T23:03:16","guid":{"rendered":"https:\/\/ugel04.gob.pe\/home\/?p=257053"},"modified":"2024-08-15T18:03:24","modified_gmt":"2024-08-15T23:03:24","slug":"comunidad-educativa-participa-con-responsabilidad-en-ii-simulacro-nacional-multipeligro-2024","status":"publish","type":"post","link":"https:\/\/ugel04.gob.pe\/home\/comunidad-educativa-participa-con-responsabilidad-en-ii-simulacro-nacional-multipeligro-2024\/","title":{"rendered":"COMUNIDAD EDUCATIVA PARTICIPA CON RESPONSABILIDAD EN II SIMULACRO NACIONAL MULTIPELIGRO 2024"},"content":{"rendered":"<p>[et_pb_section fb_built=\u00bb1&#8243; theme_builder_area=\u00bbpost_content\u00bb _builder_version=\u00bb4.27.0&#8243; _module_preset=\u00bbdefault\u00bb da_is_popup=\u00bboff\u00bb da_exit_intent=\u00bboff\u00bb da_has_close=\u00bbon\u00bb da_alt_close=\u00bboff\u00bb da_dark_close=\u00bboff\u00bb da_not_modal=\u00bbon\u00bb da_is_singular=\u00bboff\u00bb da_with_loader=\u00bboff\u00bb da_has_shadow=\u00bbon\u00bb da_disable_devices=\u00bboff|off|off\u00bb][et_pb_row _builder_version=\u00bb4.27.0&#8243; _module_preset=\u00bbdefault\u00bb theme_builder_area=\u00bbpost_content\u00bb][et_pb_column _builder_version=\u00bb4.27.0&#8243; _module_preset=\u00bbdefault\u00bb type=\u00bb4_4&#8243; theme_builder_area=\u00bbpost_content\u00bb][et_pb_text _builder_version=\u00bb4.27.0&#8243; _module_preset=\u00bbdefault\u00bb theme_builder_area=\u00bbpost_content\u00bb hover_enabled=\u00bb0&#8243; sticky_enabled=\u00bb0&#8243;]<\/p>\n<p>Los integrantes de las diversas instituciones educativas de nuestra jurisdicci\u00f3n, expusieron toda su capacidad organizativa para responder de manera satisfactoria ante una probable situaci\u00f3n de emergencia originada por un desastre natural, durante el II Simulacro Nacional Multipeligro 2024, organizado por el Instituto Nacional de Defensa Civil (Indeci).<\/p>\n<p>Durante la simulaci\u00f3n, directivos, docentes, padres de familia y estudiantes actuaron de manera disciplinada, desplaz\u00e1ndose de manera ordenada a las \u00e1reas de seguridad, demostrando responsabilidad y preparaci\u00f3n para afrontar un evento real.<\/p>\n<p>Asimismo, fueron part\u00edcipes sus brigadas de primeros auxilios y camillas; quienes, ante el sonido del sistema de alarmas, coadyuvaron en la atenci\u00f3n de los presuntos afectados y damnificados, trasladando a los heridos por las zonas de emergencia, con una evacuaci\u00f3n r\u00e1pida y segura.<\/p>\n<p>Por indicaci\u00f3n de la UGEL 04, integrantes del Comit\u00e9 de Gesti\u00f3n de Riesgos, verificaron la participaci\u00f3n de los alumnos, del nivel inicial, primaria y secundaria; destac\u00e1ndose su labor vinculada a la orientaci\u00f3n y protecci\u00f3n de los participantes, durante cada uno de los momentos delimitados en el Simulacro.<\/p>\n<p>Cabe destacar que, la realizaci\u00f3n de este ejercicio se vincula con la conmemoraci\u00f3n de los 17 a\u00f1os del sismo de 7.9 de magnitud ocurrido en Pisco, regi\u00f3n Ica; el cual dej\u00f3 un saldo de 595 muertos, m\u00e1s de 431 mil heridos, as\u00ed como da\u00f1os materiales cuantiosos en la zona sur del pa\u00eds.<\/p>\n<p><strong>Importante<\/strong><\/p>\n<p>Ante los desastres mundiales que se vienen suscitando a causa de los fen\u00f3menos naturales, los simulacros de emergencia constituyen una herramienta muy \u00fatil para toda la poblaci\u00f3n, toda vez que coadyuvar\u00e1 a la adquisici\u00f3n de buenos h\u00e1bitos en situaciones de emergencia.<\/p>\n<p>Este es el principal motivo por el que los simulacros se vienen ejecutando con mucha responsabilidad en las distintas Instituciones Educativas de nuestro sector, bajo el monitoreo y supervisi\u00f3n constante de los especialistas de la UGEL 04, quienes recogen los datos pertinentes para su env\u00edo a la DRELM y posterior evaluaci\u00f3n del MINEDU<\/p>\n<p>El II Simulacro Nacional Multipeligro se realiz\u00f3 hoy jueves 15 de agosto a las 15:00 hrs., de manera simult\u00e1nea en todas las II.EE. adscritas a la UGEL 04.<\/p>\n<p>&nbsp;<\/p>\n<p>[\/et_pb_text][\/et_pb_column][\/et_pb_row][\/et_pb_section]<\/p>\n","protected":false},"excerpt":{"rendered":"<p>Los integrantes de las diversas instituciones educativas de nuestra jurisdicci\u00f3n, expusieron toda su capacidad organizativa para responder de manera satisfactoria ante una probable situaci\u00f3n de emergencia originada por un desastre [&hellip;]<\/p>\n","protected":false},"author":1,"featured_media":257054,"comment_status":"open","ping_status":"open","sticky":false,"template":"","format":"standard","meta":{"_et_pb_use_builder":"on","_et_pb_old_content":"","_et_gb_content_width":"1080","footnotes":""},"categories":[10],"tags":[],"class_list":["post-257053","post","type-post","status-publish","format-standard","has-post-thumbnail","hentry","category-noticias"],"_links":{"self":[{"href":"https:\/\/ugel04.gob.pe\/home\/wp-json\/wp\/v2\/posts\/257053","targetHints":{"allow":["GET"]}}],"collection":[{"href":"https:\/\/ugel04.gob.pe\/home\/wp-json\/wp\/v2\/posts"}],"about":[{"href":"https:\/\/ugel04.gob.pe\/home\/wp-json\/wp\/v2\/types\/post"}],"author":[{"embeddable":true,"href":"https:\/\/ugel04.gob.pe\/home\/wp-json\/wp\/v2\/users\/1"}],"replies":[{"embeddable":true,"href":"https:\/\/ugel04.gob.pe\/home\/wp-json\/wp\/v2\/comments?post=257053"}],"version-history":[{"count":2,"href":"https:\/\/ugel04.gob.pe\/home\/wp-json\/wp\/v2\/posts\/257053\/revisions"}],"predecessor-version":[{"id":257056,"href":"https:\/\/ugel04.gob.pe\/home\/wp-json\/wp\/v2\/posts\/257053\/revisions\/257056"}],"wp:featuredmedia":[{"embeddable":true,"href":"https:\/\/ugel04.gob.pe\/home\/wp-json\/wp\/v2\/media\/257054"}],"wp:attachment":[{"href":"https:\/\/ugel04.gob.pe\/home\/wp-json\/wp\/v2\/media?parent=257053"}],"wp:term":[{"taxonomy":"category","embeddable":true,"href":"https:\/\/ugel04.gob.pe\/home\/wp-json\/wp\/v2\/categories?post=257053"},{"taxonomy":"post_tag","embeddable":true,"href":"https:\/\/ugel04.gob.pe\/home\/wp-json\/wp\/v2\/tags?post=257053"}],"curies":[{"name":"wp","href":"https:\/\/api.w.org\/{rel}","templated":true}]}}