{"id":257042,"date":"2024-08-14T18:41:00","date_gmt":"2024-08-14T23:41:00","guid":{"rendered":"https:\/\/ugel04.gob.pe\/home\/?p=257042"},"modified":"2024-08-14T18:42:13","modified_gmt":"2024-08-14T23:42:13","slug":"se-desarrolla-capacitacion-en-educacion-inclusiva-para-instituciones-educativas-de-ugel-04","status":"publish","type":"post","link":"https:\/\/ugel04.gob.pe\/home\/se-desarrolla-capacitacion-en-educacion-inclusiva-para-instituciones-educativas-de-ugel-04\/","title":{"rendered":"SE DESARROLLA CAPACITACI\u00d3N EN EDUCACI\u00d3N INCLUSIVA PARA INSTITUCIONES EDUCATIVAS DE UGEL 04"},"content":{"rendered":"\n[et_pb_section fb_built=\u00bb1&#8243; theme_builder_area=\u00bbpost_content\u00bb _builder_version=\u00bb4.27.0&#8243; _module_preset=\u00bbdefault\u00bb da_is_popup=\u00bboff\u00bb da_exit_intent=\u00bboff\u00bb da_has_close=\u00bbon\u00bb da_alt_close=\u00bboff\u00bb da_dark_close=\u00bboff\u00bb da_not_modal=\u00bbon\u00bb da_is_singular=\u00bboff\u00bb da_with_loader=\u00bboff\u00bb da_has_shadow=\u00bbon\u00bb da_disable_devices=\u00bboff|off|off\u00bb][et_pb_row _builder_version=\u00bb4.27.0&#8243; _module_preset=\u00bbdefault\u00bb theme_builder_area=\u00bbpost_content\u00bb][et_pb_column _builder_version=\u00bb4.27.0&#8243; _module_preset=\u00bbdefault\u00bb type=\u00bb4_4&#8243; theme_builder_area=\u00bbpost_content\u00bb][et_pb_text _builder_version=\u00bb4.27.0&#8243; _module_preset=\u00bbdefault\u00bb theme_builder_area=\u00bbpost_content\u00bb hover_enabled=\u00bb0&#8243; sticky_enabled=\u00bb0&#8243;]<p><strong>En una jornada de formaci\u00f3n, la UGEL 04 llev\u00f3 a cabo la asistencia t\u00e9cnica titulada \u201cEducaci\u00f3n Inclusiva, Va Para Todos\u201d, con el objetivo de fortalecer la cultura escolar como base para la transformaci\u00f3n de las escuelas, este evento busc\u00f3 movilizar un cambio de actitudes basadas en valores inclusivos entre la comunidad en general, la jornada reuni\u00f3 a directivos y docentes de 17 II.EE., quienes se centraron en la implementaci\u00f3n y desarrollo de la educaci\u00f3n inclusiva.<\/strong><\/p>\n<p>Tania Moreno, coordinadora de la Direcci\u00f3n Regional de Educaci\u00f3n de Lima Metropolitana (DRELM), fue la principal ponente del encuentro, su participaci\u00f3n fue fundamental para guiar las discusiones y proporcionar informaci\u00f3n sobre la inclusi\u00f3n educativa.<\/p>\n<p>Durante el evento, se present\u00f3 un video titulado \u201cEducaci\u00f3n Inclusiva, Va Para Todos\u201d, dise\u00f1ado para sensibilizar a los asistentes sobre la importancia de la inclusi\u00f3n en el \u00e1mbito educativo, este material audiovisual sirvi\u00f3 para la promoci\u00f3n de un entendimiento com\u00fan y el fomento del compromiso hacia pr\u00e1cticas inclusivas.<\/p>\n<p>Adem\u00e1s, se proporcion\u00f3 a los participantes una hoja de ruta detallada que delineaba las actividades programadas para la jornada, facilitando la organizaci\u00f3n y el enfoque en los temas a tratar. Asimismo, se realiz\u00f3 una din\u00e1mica de conocimiento para explorar y discutir los paradigmas actuales de la inclusi\u00f3n educativa.<\/p>\n<p>Una parte central de la capacitaci\u00f3n fue la presentaci\u00f3n sobre la implementaci\u00f3n del SAEI en las instituciones educativas focalizadas. Se discutieron las funciones del equipo SAEI en la aplicaci\u00f3n de la Norma T\u00e9cnica RVM 041 \u2013 2024, ofreciendo a los asistentes informaci\u00f3n sobre las acciones a seguir y las orientaciones para conformar el SAEI en sus respectivas instituciones.<\/p>\n<p>El evento concluy\u00f3 con una reafirmaci\u00f3n s\u00f3lida del compromiso de los directivos y docentes hacia la mejora continua de la educaci\u00f3n inclusiva, ofreciendo herramientas pr\u00e1cticas y fortaleciendo la colaboraci\u00f3n entre las instituciones educativas, avanzando as\u00ed en la inclusi\u00f3n de todos los estudiantes.<\/p>[\/et_pb_text][\/et_pb_column][\/et_pb_row][\/et_pb_section]\n","protected":false},"excerpt":{"rendered":"<p>En una jornada de formaci\u00f3n, la UGEL 04 llev\u00f3 a cabo la asistencia t\u00e9cnica titulada \u201cEducaci\u00f3n Inclusiva, Va Para Todos\u201d, con el objetivo de fortalecer la cultura escolar como base [&hellip;]<\/p>\n","protected":false},"author":1,"featured_media":257043,"comment_status":"closed","ping_status":"closed","sticky":false,"template":"","format":"standard","meta":{"_et_pb_use_builder":"on","_et_pb_old_content":"","_et_gb_content_width":"1080","footnotes":""},"categories":[10],"tags":[],"class_list":["post-257042","post","type-post","status-publish","format-standard","has-post-thumbnail","hentry","category-noticias"],"_links":{"self":[{"href":"https:\/\/ugel04.gob.pe\/home\/wp-json\/wp\/v2\/posts\/257042","targetHints":{"allow":["GET"]}}],"collection":[{"href":"https:\/\/ugel04.gob.pe\/home\/wp-json\/wp\/v2\/posts"}],"about":[{"href":"https:\/\/ugel04.gob.pe\/home\/wp-json\/wp\/v2\/types\/post"}],"author":[{"embeddable":true,"href":"https:\/\/ugel04.gob.pe\/home\/wp-json\/wp\/v2\/users\/1"}],"replies":[{"embeddable":true,"href":"https:\/\/ugel04.gob.pe\/home\/wp-json\/wp\/v2\/comments?post=257042"}],"version-history":[{"count":3,"href":"https:\/\/ugel04.gob.pe\/home\/wp-json\/wp\/v2\/posts\/257042\/revisions"}],"predecessor-version":[{"id":257047,"href":"https:\/\/ugel04.gob.pe\/home\/wp-json\/wp\/v2\/posts\/257042\/revisions\/257047"}],"wp:featuredmedia":[{"embeddable":true,"href":"https:\/\/ugel04.gob.pe\/home\/wp-json\/wp\/v2\/media\/257043"}],"wp:attachment":[{"href":"https:\/\/ugel04.gob.pe\/home\/wp-json\/wp\/v2\/media?parent=257042"}],"wp:term":[{"taxonomy":"category","embeddable":true,"href":"https:\/\/ugel04.gob.pe\/home\/wp-json\/wp\/v2\/categories?post=257042"},{"taxonomy":"post_tag","embeddable":true,"href":"https:\/\/ugel04.gob.pe\/home\/wp-json\/wp\/v2\/tags?post=257042"}],"curies":[{"name":"wp","href":"https:\/\/api.w.org\/{rel}","templated":true}]}}