{"id":257037,"date":"2024-08-14T15:54:43","date_gmt":"2024-08-14T20:54:43","guid":{"rendered":"https:\/\/ugel04.gob.pe\/home\/?p=257037"},"modified":"2024-08-14T15:54:43","modified_gmt":"2024-08-14T20:54:43","slug":"continua-el-diplomado-para-fortalecer-a-directivos-y-docentes-de-cetpro-en-nuestra-jurisdiccion","status":"publish","type":"post","link":"https:\/\/ugel04.gob.pe\/home\/continua-el-diplomado-para-fortalecer-a-directivos-y-docentes-de-cetpro-en-nuestra-jurisdiccion\/","title":{"rendered":"CONTIN\u00daA EL DIPLOMADO PARA FORTALECER A DIRECTIVOS Y DOCENTES DE CETPRO EN NUESTRA JURISDICCI\u00d3N"},"content":{"rendered":"<p>[et_pb_section fb_built=\u00bb1&#8243; theme_builder_area=\u00bbpost_content\u00bb _builder_version=\u00bb4.27.0&#8243; _module_preset=\u00bbdefault\u00bb da_is_popup=\u00bboff\u00bb da_exit_intent=\u00bboff\u00bb da_has_close=\u00bbon\u00bb da_alt_close=\u00bboff\u00bb da_dark_close=\u00bboff\u00bb da_not_modal=\u00bbon\u00bb da_is_singular=\u00bboff\u00bb da_with_loader=\u00bboff\u00bb da_has_shadow=\u00bbon\u00bb da_disable_devices=\u00bboff|off|off\u00bb][et_pb_row _builder_version=\u00bb4.27.0&#8243; _module_preset=\u00bbdefault\u00bb theme_builder_area=\u00bbpost_content\u00bb][et_pb_column _builder_version=\u00bb4.27.0&#8243; _module_preset=\u00bbdefault\u00bb type=\u00bb4_4&#8243; theme_builder_area=\u00bbpost_content\u00bb][et_pb_text _builder_version=\u00bb4.27.0&#8243; _module_preset=\u00bbdefault\u00bb theme_builder_area=\u00bbpost_content\u00bb hover_enabled=\u00bb0&#8243; sticky_enabled=\u00bb0&#8243;]<\/p>\n<p><strong>Con gran entusiasmo y compromiso, la AGEBATP contin\u00faa desarrollando el taller-diplomado de Gesti\u00f3n Pedag\u00f3gica en la Educaci\u00f3n T\u00e9cnico Productiva, dirigido a directivos y docentes de los CETPRO de nuestra jurisdicci\u00f3n. Este programa tiene como objetivo fortalecer la formaci\u00f3n y el desempe\u00f1o profesional de los educadores en el \u00e1mbito t\u00e9cnico-productivo.<\/strong><\/p>\n<p><span>Durante la jornada, un nutrido grupo de directivos y docentes de los 13 CETPRO de nuestra jurisdicci\u00f3n se reuni\u00f3 en la Universidad de Ciencias y Humanidades &#8211; sede Lima Norte, para participar en el tercer m\u00f3dulo presencial titulado \u00abPlanificaci\u00f3n Estrat\u00e9gica\u00bb. La sesi\u00f3n estuvo a cargo de la destacada ponente Mar\u00eda Trigueros Huapaya, quien abord\u00f3 temas clave como la implementaci\u00f3n del r\u00e9gimen acad\u00e9mico, la elaboraci\u00f3n de syllabus de unidades did\u00e1cticas, y la planificaci\u00f3n de sesiones de aprendizaje.<\/span><\/p>\n<p><span>La actividad cont\u00f3 con la presencia de la directora de la UGEL 04, Nelly Cunza Pr\u00edncipe, y del jefe Roberto Zevallos, quienes, junto con los especialistas de AGEBATP, felicitaron el esfuerzo y compromiso de los docentes por su dedicaci\u00f3n a la mejora continua.<\/span><\/p>\n<p><span>Este diplomado, que combina clases presenciales y virtuales, concluir\u00e1 en noviembre, momento en el que los participantes recibir\u00e1n un diploma avalado por la Universidad C\u00e9sar Vallejo, reconociendo as\u00ed su compromiso con la excelencia en la educaci\u00f3n t\u00e9cnico-productiva.<\/span><\/p>\n<p>[\/et_pb_text][\/et_pb_column][\/et_pb_row][\/et_pb_section]<\/p>\n","protected":false},"excerpt":{"rendered":"<p>Con gran entusiasmo y compromiso, la AGEBATP contin\u00faa desarrollando el taller-diplomado de Gesti\u00f3n Pedag\u00f3gica en la Educaci\u00f3n T\u00e9cnico Productiva, dirigido a directivos y docentes de los CETPRO de nuestra jurisdicci\u00f3n. [&hellip;]<\/p>\n","protected":false},"author":1,"featured_media":257038,"comment_status":"closed","ping_status":"closed","sticky":false,"template":"","format":"standard","meta":{"_et_pb_use_builder":"on","_et_pb_old_content":"","_et_gb_content_width":"1080","footnotes":""},"categories":[10],"tags":[],"class_list":["post-257037","post","type-post","status-publish","format-standard","has-post-thumbnail","hentry","category-noticias"],"_links":{"self":[{"href":"https:\/\/ugel04.gob.pe\/home\/wp-json\/wp\/v2\/posts\/257037","targetHints":{"allow":["GET"]}}],"collection":[{"href":"https:\/\/ugel04.gob.pe\/home\/wp-json\/wp\/v2\/posts"}],"about":[{"href":"https:\/\/ugel04.gob.pe\/home\/wp-json\/wp\/v2\/types\/post"}],"author":[{"embeddable":true,"href":"https:\/\/ugel04.gob.pe\/home\/wp-json\/wp\/v2\/users\/1"}],"replies":[{"embeddable":true,"href":"https:\/\/ugel04.gob.pe\/home\/wp-json\/wp\/v2\/comments?post=257037"}],"version-history":[{"count":2,"href":"https:\/\/ugel04.gob.pe\/home\/wp-json\/wp\/v2\/posts\/257037\/revisions"}],"predecessor-version":[{"id":257040,"href":"https:\/\/ugel04.gob.pe\/home\/wp-json\/wp\/v2\/posts\/257037\/revisions\/257040"}],"wp:featuredmedia":[{"embeddable":true,"href":"https:\/\/ugel04.gob.pe\/home\/wp-json\/wp\/v2\/media\/257038"}],"wp:attachment":[{"href":"https:\/\/ugel04.gob.pe\/home\/wp-json\/wp\/v2\/media?parent=257037"}],"wp:term":[{"taxonomy":"category","embeddable":true,"href":"https:\/\/ugel04.gob.pe\/home\/wp-json\/wp\/v2\/categories?post=257037"},{"taxonomy":"post_tag","embeddable":true,"href":"https:\/\/ugel04.gob.pe\/home\/wp-json\/wp\/v2\/tags?post=257037"}],"curies":[{"name":"wp","href":"https:\/\/api.w.org\/{rel}","templated":true}]}}