{"id":256974,"date":"2024-08-05T12:32:09","date_gmt":"2024-08-05T17:32:09","guid":{"rendered":"https:\/\/ugel04.gob.pe\/home\/?p=256974"},"modified":"2024-08-08T12:32:30","modified_gmt":"2024-08-08T17:32:30","slug":"inicio-de-segundo-semestre-del-ano-escolar-2024","status":"publish","type":"post","link":"https:\/\/ugel04.gob.pe\/home\/inicio-de-segundo-semestre-del-ano-escolar-2024\/","title":{"rendered":"INICIO DE SEGUNDO SEMESTRE DEL A\u00d1O ESCOLAR 2024"},"content":{"rendered":"\n[et_pb_section fb_built=\u00bb1&#8243; theme_builder_area=\u00bbpost_content\u00bb _builder_version=\u00bb4.27.0&#8243; _module_preset=\u00bbdefault\u00bb da_is_popup=\u00bboff\u00bb da_exit_intent=\u00bboff\u00bb da_has_close=\u00bbon\u00bb da_alt_close=\u00bboff\u00bb da_dark_close=\u00bboff\u00bb da_not_modal=\u00bbon\u00bb da_is_singular=\u00bboff\u00bb da_with_loader=\u00bboff\u00bb da_has_shadow=\u00bbon\u00bb da_disable_devices=\u00bboff|off|off\u00bb][et_pb_row _builder_version=\u00bb4.27.0&#8243; _module_preset=\u00bbdefault\u00bb theme_builder_area=\u00bbpost_content\u00bb][et_pb_column _builder_version=\u00bb4.27.0&#8243; _module_preset=\u00bbdefault\u00bb type=\u00bb4_4&#8243; theme_builder_area=\u00bbpost_content\u00bb][et_pb_text _builder_version=\u00bb4.27.0&#8243; _module_preset=\u00bbdefault\u00bb theme_builder_area=\u00bbpost_content\u00bb hover_enabled=\u00bb0&#8243; sticky_enabled=\u00bb0&#8243;]<p><strong>Despu\u00e9s de un merecido receso, los ni\u00f1os y adolescentes de nuestra jurisdicci\u00f3n y de todo el pa\u00eds han regresado a las aulas, marcando el inicio de la segunda mitad del A\u00f1o Escolar 2024, este retorno sigue a un periodo de vacaciones escolares de medio a\u00f1o tras 19 semanas de aprendizaje regular que comenzaron el pasado 11 de marzo.<\/strong><\/p>\n<p>La Educaci\u00f3n B\u00e1sica Regular en Per\u00fa, regulada por la Resoluci\u00f3n Ministerial N\u00b0 587, establece los lineamientos para el buen desarrollo del a\u00f1o lectivo en todas las instituciones educativas de los niveles inicial, primaria y secundaria. Esta resoluci\u00f3n, aprobada en noviembre del a\u00f1o anterior, gu\u00eda la estructura y organizaci\u00f3n del calendario escolar.<\/p>\n<p>Hoy, el Jefe Johnny Ventura y especialistas de AGEBRE de la UGEL 04 realizaron una visita a la I.E. 3092 Kumamoto, ubicada en el distrito de Puente Piedra, durante la visita, el jefe de AGEBRE brind\u00f3 unas palabras de bienvenida y aliento a los estudiantes, anim\u00e1ndolos a participar en los concursos educativos escolares y en la encuesta \u00abMi Voz Importa\u00bb, dise\u00f1ada para recoger sus opiniones y sugerencias sobre su experiencia de aprendizaje en la escuela.<\/p>\n<p>El Ministerio de Educaci\u00f3n ha definido las fechas para el segundo semestre acad\u00e9mico de la siguiente manera:<\/p>\n<p>Tercer Bimestre: Del 5 de agosto al 11 de octubre<\/p>\n<p>Cuarto Bimestre: Del 14 de octubre al 20 de diciembre<\/p>\n<p>Este retorno a las aulas representa un periodo crucial para consolidar los aprendizajes y continuar promoviendo una educaci\u00f3n inclusiva que valore la diversidad y la solidaridad entre todos sus miembros.<\/p>\n<p>&nbsp;<\/p>[\/et_pb_text][\/et_pb_column][\/et_pb_row][\/et_pb_section]\n","protected":false},"excerpt":{"rendered":"<p>Despu\u00e9s de un merecido receso, los ni\u00f1os y adolescentes de nuestra jurisdicci\u00f3n y de todo el pa\u00eds han regresado a las aulas, marcando el inicio de la segunda mitad del [&hellip;]<\/p>\n","protected":false},"author":1,"featured_media":256975,"comment_status":"open","ping_status":"open","sticky":false,"template":"","format":"standard","meta":{"_et_pb_use_builder":"on","_et_pb_old_content":"","_et_gb_content_width":"1080","footnotes":""},"categories":[10],"tags":[],"class_list":["post-256974","post","type-post","status-publish","format-standard","has-post-thumbnail","hentry","category-noticias"],"_links":{"self":[{"href":"https:\/\/ugel04.gob.pe\/home\/wp-json\/wp\/v2\/posts\/256974","targetHints":{"allow":["GET"]}}],"collection":[{"href":"https:\/\/ugel04.gob.pe\/home\/wp-json\/wp\/v2\/posts"}],"about":[{"href":"https:\/\/ugel04.gob.pe\/home\/wp-json\/wp\/v2\/types\/post"}],"author":[{"embeddable":true,"href":"https:\/\/ugel04.gob.pe\/home\/wp-json\/wp\/v2\/users\/1"}],"replies":[{"embeddable":true,"href":"https:\/\/ugel04.gob.pe\/home\/wp-json\/wp\/v2\/comments?post=256974"}],"version-history":[{"count":3,"href":"https:\/\/ugel04.gob.pe\/home\/wp-json\/wp\/v2\/posts\/256974\/revisions"}],"predecessor-version":[{"id":256980,"href":"https:\/\/ugel04.gob.pe\/home\/wp-json\/wp\/v2\/posts\/256974\/revisions\/256980"}],"wp:featuredmedia":[{"embeddable":true,"href":"https:\/\/ugel04.gob.pe\/home\/wp-json\/wp\/v2\/media\/256975"}],"wp:attachment":[{"href":"https:\/\/ugel04.gob.pe\/home\/wp-json\/wp\/v2\/media?parent=256974"}],"wp:term":[{"taxonomy":"category","embeddable":true,"href":"https:\/\/ugel04.gob.pe\/home\/wp-json\/wp\/v2\/categories?post=256974"},{"taxonomy":"post_tag","embeddable":true,"href":"https:\/\/ugel04.gob.pe\/home\/wp-json\/wp\/v2\/tags?post=256974"}],"curies":[{"name":"wp","href":"https:\/\/api.w.org\/{rel}","templated":true}]}}