{"id":256898,"date":"2024-08-05T00:56:21","date_gmt":"2024-08-05T05:56:21","guid":{"rendered":"https:\/\/ugel04.gob.pe\/home\/?p=256898"},"modified":"2024-08-05T00:56:32","modified_gmt":"2024-08-05T05:56:32","slug":"promotoras-educativas-comunitarias-reciben-capacitacion-en-planificacion-curricular","status":"publish","type":"post","link":"https:\/\/ugel04.gob.pe\/home\/promotoras-educativas-comunitarias-reciben-capacitacion-en-planificacion-curricular\/","title":{"rendered":"PROMOTORAS EDUCATIVAS COMUNITARIAS RECIBEN CAPACITACI\u00d3N EN PLANIFICACI\u00d3N CURRICULAR"},"content":{"rendered":"<p>[et_pb_section fb_built=\u00bb1&#8243; theme_builder_area=\u00bbpost_content\u00bb _builder_version=\u00bb4.27.0&#8243; _module_preset=\u00bbdefault\u00bb da_is_popup=\u00bboff\u00bb da_exit_intent=\u00bboff\u00bb da_has_close=\u00bbon\u00bb da_alt_close=\u00bboff\u00bb da_dark_close=\u00bboff\u00bb da_not_modal=\u00bbon\u00bb da_is_singular=\u00bboff\u00bb da_with_loader=\u00bboff\u00bb da_has_shadow=\u00bbon\u00bb da_disable_devices=\u00bboff|off|off\u00bb][et_pb_row _builder_version=\u00bb4.27.0&#8243; _module_preset=\u00bbdefault\u00bb theme_builder_area=\u00bbpost_content\u00bb][et_pb_column _builder_version=\u00bb4.27.0&#8243; _module_preset=\u00bbdefault\u00bb type=\u00bb4_4&#8243; theme_builder_area=\u00bbpost_content\u00bb][et_pb_text _builder_version=\u00bb4.27.0&#8243; _module_preset=\u00bbdefault\u00bb theme_builder_area=\u00bbpost_content\u00bb hover_enabled=\u00bb0&#8243; sticky_enabled=\u00bb0&#8243;]<\/p>\n<p><strong>En un esfuerzo por fortalecer la calidad educativa en la primera infancia, promotoras educativas comunitarias de los PRONOEI de la zona rural de la UGEL 04, participaron en un taller de capacitaci\u00f3n titulado \u201cPlanificaci\u00f3n Curricular I y II\u201d, el cual se llev\u00f3 a cabo en el PRONOEI Wawa Asiri IX, ubicado en el distrito de Carabayllo.<\/strong><\/p>\n<p>El taller, dirigido por la Lic. Ana Mar\u00eda Huam\u00e1n, tuvo como objetivo proporcionar a las promotoras estrategias efectivas para realizar una planificaci\u00f3n curricular que responda a las necesidades espec\u00edficas de los ni\u00f1os en edad temprana. La capacitaci\u00f3n incluy\u00f3 una revisi\u00f3n detallada sobre la relaci\u00f3n entre la planificaci\u00f3n y los registros de observaci\u00f3n, resaltando la importancia de estos \u00faltimos como insumos clave para una planificaci\u00f3n educativa eficaz.<\/p>\n<p>Durante el taller, se abord\u00f3 la planificaci\u00f3n para el Ciclo I, el cual involucra registrar acciones diarias de los ni\u00f1os, como por ejemplo momentos de cuidado, alimentaci\u00f3n, juego libre, sue\u00f1o y aseo. Asimismo, se enfatiz\u00f3 la necesidad de una observaci\u00f3n concreta y objetiva para ayudar a los coordinadores a identificar y planificar estrategias adecuadas para cada ni\u00f1o, teniendo en cuenta sus necesidades y su desarrollo.<\/p>\n<p>De igual modo, se discuti\u00f3 la planificaci\u00f3n del Ciclo II, que abarca a ni\u00f1os de 3, 4 y 5 a\u00f1os, enfoc\u00e1ndose en la creaci\u00f3n de unidades did\u00e1cticas basadas en las necesidades, intereses y caracter\u00edsticas espec\u00edficas de cada grupo. La planificaci\u00f3n debe responder a problem\u00e1ticas espec\u00edficas, aprovechando el inter\u00e9s y las capacidades de los ni\u00f1os para desarrollar competencias y habilidades.<\/p>\n<p>El jefe de AGEBRE de la UGEL 04, Johny Ventura, y la especialista en educaci\u00f3n Mary Lita estuvieron presentes en la jornada, ofreciendo palabras de apoyo y reconocimiento a las promotoras por su valiosa contribuci\u00f3n a la educaci\u00f3n de la primera infancia. Jorge Figueroa, profesor coordinador de Wawa Asiri IX, agradeci\u00f3 la participaci\u00f3n de los representantes de UGEL 04 y destac\u00f3 el impacto positivo de la capacitaci\u00f3n en el desarrollo educativo de los ni\u00f1os en su comunidad.<\/p>\n<p>La lista de los PRONOEI de la zona rural de la UGEL 04 incluye:<\/p>\n<ol>\n<li>PRONOEI Fantas\u00eda Infantil V<\/li>\n<li>PRONOEI Fantas\u00eda Infantil VI<\/li>\n<li>PRONOEI Angel Gonzalve<\/li>\n<li>PRONOEI Rio Seco<\/li>\n<li>PRONOEI Wawa Asiri IX<\/li>\n<li>PRONOEI Wawa Asiri VIII<\/li>\n<li>PRONOEI Ni\u00f1os de Jes\u00fas<\/li>\n<\/ol>\n<p>Esta capacitaci\u00f3n ayuda en la mejora continua de la educaci\u00f3n inicial en las zonas rurales, promoviendo un entorno de aprendizaje m\u00e1s inclusivo y adaptado a las realidades de cada comunidad.<\/p>\n<p>[\/et_pb_text][\/et_pb_column][\/et_pb_row][\/et_pb_section][et_pb_section fb_built=\u00bb1&#8243; theme_builder_area=\u00bbpost_content\u00bb _builder_version=\u00bb4.27.0&#8243; _module_preset=\u00bbdefault\u00bb da_is_popup=\u00bboff\u00bb da_exit_intent=\u00bboff\u00bb da_has_close=\u00bbon\u00bb da_alt_close=\u00bboff\u00bb da_dark_close=\u00bboff\u00bb da_not_modal=\u00bbon\u00bb da_is_singular=\u00bboff\u00bb da_with_loader=\u00bboff\u00bb da_has_shadow=\u00bbon\u00bb da_disable_devices=\u00bboff|off|off\u00bb][et_pb_row _builder_version=\u00bb4.27.0&#8243; _module_preset=\u00bbdefault\u00bb column_structure=\u00bb1_2,1_2&#8243; theme_builder_area=\u00bbpost_content\u00bb][et_pb_column _builder_version=\u00bb4.27.0&#8243; _module_preset=\u00bbdefault\u00bb type=\u00bb1_2&#8243; theme_builder_area=\u00bbpost_content\u00bb][et_pb_gallery _builder_version=\u00bb4.27.0&#8243; _module_preset=\u00bbdefault\u00bb theme_builder_area=\u00bbpost_content\u00bb gallery_ids=\u00bb256901,256902&#8243; hover_enabled=\u00bb0&#8243; sticky_enabled=\u00bb0&#8243;][\/et_pb_gallery][\/et_pb_column][et_pb_column _builder_version=\u00bb4.27.0&#8243; _module_preset=\u00bbdefault\u00bb type=\u00bb1_2&#8243; theme_builder_area=\u00bbpost_content\u00bb][et_pb_gallery _builder_version=\u00bb4.27.0&#8243; _module_preset=\u00bbdefault\u00bb theme_builder_area=\u00bbpost_content\u00bb gallery_ids=\u00bb256903,256905&#8243; hover_enabled=\u00bb0&#8243; sticky_enabled=\u00bb0&#8243;][\/et_pb_gallery][\/et_pb_column][\/et_pb_row][\/et_pb_section]<\/p>\n","protected":false},"excerpt":{"rendered":"<p>En un esfuerzo por fortalecer la calidad educativa en la primera infancia, promotoras educativas comunitarias de los PRONOEI de la zona rural de la UGEL 04, participaron en un taller [&hellip;]<\/p>\n","protected":false},"author":1,"featured_media":256899,"comment_status":"open","ping_status":"open","sticky":false,"template":"","format":"standard","meta":{"_et_pb_use_builder":"on","_et_pb_old_content":"","_et_gb_content_width":"1080","footnotes":""},"categories":[10],"tags":[],"class_list":["post-256898","post","type-post","status-publish","format-standard","has-post-thumbnail","hentry","category-noticias"],"_links":{"self":[{"href":"https:\/\/ugel04.gob.pe\/home\/wp-json\/wp\/v2\/posts\/256898","targetHints":{"allow":["GET"]}}],"collection":[{"href":"https:\/\/ugel04.gob.pe\/home\/wp-json\/wp\/v2\/posts"}],"about":[{"href":"https:\/\/ugel04.gob.pe\/home\/wp-json\/wp\/v2\/types\/post"}],"author":[{"embeddable":true,"href":"https:\/\/ugel04.gob.pe\/home\/wp-json\/wp\/v2\/users\/1"}],"replies":[{"embeddable":true,"href":"https:\/\/ugel04.gob.pe\/home\/wp-json\/wp\/v2\/comments?post=256898"}],"version-history":[{"count":2,"href":"https:\/\/ugel04.gob.pe\/home\/wp-json\/wp\/v2\/posts\/256898\/revisions"}],"predecessor-version":[{"id":256906,"href":"https:\/\/ugel04.gob.pe\/home\/wp-json\/wp\/v2\/posts\/256898\/revisions\/256906"}],"wp:featuredmedia":[{"embeddable":true,"href":"https:\/\/ugel04.gob.pe\/home\/wp-json\/wp\/v2\/media\/256899"}],"wp:attachment":[{"href":"https:\/\/ugel04.gob.pe\/home\/wp-json\/wp\/v2\/media?parent=256898"}],"wp:term":[{"taxonomy":"category","embeddable":true,"href":"https:\/\/ugel04.gob.pe\/home\/wp-json\/wp\/v2\/categories?post=256898"},{"taxonomy":"post_tag","embeddable":true,"href":"https:\/\/ugel04.gob.pe\/home\/wp-json\/wp\/v2\/tags?post=256898"}],"curies":[{"name":"wp","href":"https:\/\/api.w.org\/{rel}","templated":true}]}}