{"id":256887,"date":"2024-08-01T11:42:26","date_gmt":"2024-08-01T16:42:26","guid":{"rendered":"https:\/\/ugel04.gob.pe\/home\/?p=256887"},"modified":"2024-08-01T11:44:40","modified_gmt":"2024-08-01T16:44:40","slug":"agebatp-de-la-ugel-04-realizan-taller-socioemocional-para-la-educacion-basica-alternativa","status":"publish","type":"post","link":"https:\/\/ugel04.gob.pe\/home\/agebatp-de-la-ugel-04-realizan-taller-socioemocional-para-la-educacion-basica-alternativa\/","title":{"rendered":"AGEBATP DE LA UGEL 04 REALIZAN TALLER SOCIOEMOCIONAL PARA LA EDUCACI\u00d3N B\u00c1SICA ALTERNATIVA"},"content":{"rendered":"\n[et_pb_section fb_built=\u00bb1&#8243; theme_builder_area=\u00bbpost_content\u00bb _builder_version=\u00bb4.27.0&#8243; _module_preset=\u00bbdefault\u00bb da_is_popup=\u00bboff\u00bb da_exit_intent=\u00bboff\u00bb da_has_close=\u00bbon\u00bb da_alt_close=\u00bboff\u00bb da_dark_close=\u00bboff\u00bb da_not_modal=\u00bbon\u00bb da_is_singular=\u00bboff\u00bb da_with_loader=\u00bboff\u00bb da_has_shadow=\u00bbon\u00bb da_disable_devices=\u00bboff|off|off\u00bb][et_pb_row _builder_version=\u00bb4.27.0&#8243; _module_preset=\u00bbdefault\u00bb theme_builder_area=\u00bbpost_content\u00bb][et_pb_column _builder_version=\u00bb4.27.0&#8243; _module_preset=\u00bbdefault\u00bb type=\u00bb4_4&#8243; theme_builder_area=\u00bbpost_content\u00bb][et_pb_text _builder_version=\u00bb4.27.0&#8243; _module_preset=\u00bbdefault\u00bb theme_builder_area=\u00bbpost_content\u00bb hover_enabled=\u00bb0&#8243; sticky_enabled=\u00bb0&#8243;]<p style=\"text-align: justify;\"><strong>La UGEL 04, a trav\u00e9s de AGEBATP, llev\u00f3 a cabo un taller socioemocional dirigido a directivos y docentes de la Educaci\u00f3n B\u00e1sica Alternativa (EBA). Este evento, realizado de manera presencial en la Instituci\u00f3n Educativa San Felipe de Comas, tuvo como objetivo mejorar la atenci\u00f3n socioafectiva de los estudiantes en nuestra jurisdicci\u00f3n.<\/strong><\/p>\n<p style=\"text-align: justify;\">El taller, patrocinado por la empresa La Licuadora, se centr\u00f3 en fortalecer las competencias de los maestros en dos \u00e1reas clave: el acompa\u00f1amiento socioemocional a trav\u00e9s de la tutor\u00eda y la atenci\u00f3n a la diversidad, promoviendo una educaci\u00f3n inclusiva. Se enfatiz\u00f3 en la importancia de crear un v\u00ednculo afectivo entre docentes y estudiantes, permitiendo acompa\u00f1ar y orientar a los estudiantes en sus diversas necesidades personales y sociales, en un clima de confianza y respeto.<\/p>\n<p style=\"text-align: justify;\">Los docentes expresaron su agradecimiento por la oportunidad de participar en este taller, destacando que los conocimientos y herramientas adquiridos ser\u00e1n de gran utilidad en su labor diaria. Todos los participantes se comprometieron a aplicar las mejores pr\u00e1cticas aprendidas hasta el final del a\u00f1o, con el objetivo de mejorar significativamente el apoyo emocional a los estudiantes y asegurar una educaci\u00f3n que atienda las diversas necesidades de cada alumno, favoreciendo su aprendizaje y su relaci\u00f3n sana con los estudiantes y docentes.<\/p>[\/et_pb_text][\/et_pb_column][\/et_pb_row][\/et_pb_section]\n","protected":false},"excerpt":{"rendered":"<p>La UGEL 04, a trav\u00e9s de AGEBATP, llev\u00f3 a cabo un taller socioemocional dirigido a directivos y docentes de la Educaci\u00f3n B\u00e1sica Alternativa (EBA). Este evento, realizado de manera presencial [&hellip;]<\/p>\n","protected":false},"author":1,"featured_media":256891,"comment_status":"closed","ping_status":"open","sticky":false,"template":"","format":"standard","meta":{"_et_pb_use_builder":"on","_et_pb_old_content":"","_et_gb_content_width":"1080","footnotes":""},"categories":[10],"tags":[],"class_list":["post-256887","post","type-post","status-publish","format-standard","has-post-thumbnail","hentry","category-noticias"],"_links":{"self":[{"href":"https:\/\/ugel04.gob.pe\/home\/wp-json\/wp\/v2\/posts\/256887","targetHints":{"allow":["GET"]}}],"collection":[{"href":"https:\/\/ugel04.gob.pe\/home\/wp-json\/wp\/v2\/posts"}],"about":[{"href":"https:\/\/ugel04.gob.pe\/home\/wp-json\/wp\/v2\/types\/post"}],"author":[{"embeddable":true,"href":"https:\/\/ugel04.gob.pe\/home\/wp-json\/wp\/v2\/users\/1"}],"replies":[{"embeddable":true,"href":"https:\/\/ugel04.gob.pe\/home\/wp-json\/wp\/v2\/comments?post=256887"}],"version-history":[{"count":3,"href":"https:\/\/ugel04.gob.pe\/home\/wp-json\/wp\/v2\/posts\/256887\/revisions"}],"predecessor-version":[{"id":256894,"href":"https:\/\/ugel04.gob.pe\/home\/wp-json\/wp\/v2\/posts\/256887\/revisions\/256894"}],"wp:featuredmedia":[{"embeddable":true,"href":"https:\/\/ugel04.gob.pe\/home\/wp-json\/wp\/v2\/media\/256891"}],"wp:attachment":[{"href":"https:\/\/ugel04.gob.pe\/home\/wp-json\/wp\/v2\/media?parent=256887"}],"wp:term":[{"taxonomy":"category","embeddable":true,"href":"https:\/\/ugel04.gob.pe\/home\/wp-json\/wp\/v2\/categories?post=256887"},{"taxonomy":"post_tag","embeddable":true,"href":"https:\/\/ugel04.gob.pe\/home\/wp-json\/wp\/v2\/tags?post=256887"}],"curies":[{"name":"wp","href":"https:\/\/api.w.org\/{rel}","templated":true}]}}