{"id":256872,"date":"2024-07-31T15:32:10","date_gmt":"2024-07-31T20:32:10","guid":{"rendered":"https:\/\/ugel04.gob.pe\/home\/?p=256872"},"modified":"2024-08-01T08:53:24","modified_gmt":"2024-08-01T13:53:24","slug":"concluye-con-exito-el-taller-de-capacitacion-para-docentes-de-la-ugel-04-en-la-universidad-cesar-vallejo","status":"publish","type":"post","link":"https:\/\/ugel04.gob.pe\/home\/concluye-con-exito-el-taller-de-capacitacion-para-docentes-de-la-ugel-04-en-la-universidad-cesar-vallejo\/","title":{"rendered":"CONCLUYE CON \u00c9XITO EL TALLER DE CAPACITACI\u00d3N PARA DOCENTES DE LA UGEL 04 EN LA UNIVERSIDAD C\u00c9SAR VALLEJO"},"content":{"rendered":"\n[et_pb_section fb_built=\u00bb1&#8243; theme_builder_area=\u00bbpost_content\u00bb _builder_version=\u00bb4.27.0&#8243; _module_preset=\u00bbdefault\u00bb da_is_popup=\u00bboff\u00bb da_exit_intent=\u00bboff\u00bb da_has_close=\u00bbon\u00bb da_alt_close=\u00bboff\u00bb da_dark_close=\u00bboff\u00bb da_not_modal=\u00bbon\u00bb da_is_singular=\u00bboff\u00bb da_with_loader=\u00bboff\u00bb da_has_shadow=\u00bbon\u00bb da_disable_devices=\u00bboff|off|off\u00bb][et_pb_row _builder_version=\u00bb4.27.0&#8243; _module_preset=\u00bbdefault\u00bb theme_builder_area=\u00bbpost_content\u00bb][et_pb_column _builder_version=\u00bb4.27.0&#8243; _module_preset=\u00bbdefault\u00bb type=\u00bb4_4&#8243; theme_builder_area=\u00bbpost_content\u00bb][et_pb_text _builder_version=\u00bb4.27.0&#8243; _module_preset=\u00bbdefault\u00bb theme_builder_area=\u00bbpost_content\u00bb hover_enabled=\u00bb0&#8243; sticky_enabled=\u00bb0&#8243;]<p><span>La UGEL 04, a trav\u00e9s de AGEBRE, concluy\u00f3 con rotundo \u00e9xito el M\u00f3dulo 6 del taller presencial dirigido a docentes de primaria y secundaria, llevado a cabo durante una semana y media en la Universidad C\u00e9sar Vallejo. Este evento, organizado para los tres niveles de Educaci\u00f3n B\u00e1sica Regular (EBR), se realiz\u00f3 en la sede Lima Norte de la universidad.<\/span><\/p>\n<p><span>La formaci\u00f3n fue impartida por especialistas en educaci\u00f3n de AGEBRE, con el objetivo de fortalecer las capacidades pedag\u00f3gicas de los profesores en los niveles inicial, primaria y secundaria, abarcando todas las \u00e1reas educativas. Los docentes que participaron en los talleres salieron fortalecidos y capacitados para aplicar los conocimientos adquiridos en sus aulas, contribuyendo as\u00ed a una mejora significativa en la calidad educativa de sus estudiantes.<\/span><\/p>\n<p><span>\u00a0<\/span><\/p>\n<p><span>Cabe destacar la presencia del jefe de AGEBRE, Jhonny Ventura, quien subray\u00f3 la importancia de esta especializaci\u00f3n para una mejor educaci\u00f3n y ofreci\u00f3 palabras de motivaci\u00f3n para el continuo desarrollo del curso. <\/span><\/p>[\/et_pb_text][\/et_pb_column][\/et_pb_row][\/et_pb_section]\n","protected":false},"excerpt":{"rendered":"<p>La UGEL 04, a trav\u00e9s de AGEBRE, concluy\u00f3 con rotundo \u00e9xito el M\u00f3dulo 6 del taller presencial dirigido a docentes de primaria y secundaria, llevado a cabo durante una semana [&hellip;]<\/p>\n","protected":false},"author":1,"featured_media":256873,"comment_status":"closed","ping_status":"closed","sticky":false,"template":"","format":"standard","meta":{"_et_pb_use_builder":"on","_et_pb_old_content":"","_et_gb_content_width":"1080","footnotes":""},"categories":[10],"tags":[],"class_list":["post-256872","post","type-post","status-publish","format-standard","has-post-thumbnail","hentry","category-noticias"],"_links":{"self":[{"href":"https:\/\/ugel04.gob.pe\/home\/wp-json\/wp\/v2\/posts\/256872","targetHints":{"allow":["GET"]}}],"collection":[{"href":"https:\/\/ugel04.gob.pe\/home\/wp-json\/wp\/v2\/posts"}],"about":[{"href":"https:\/\/ugel04.gob.pe\/home\/wp-json\/wp\/v2\/types\/post"}],"author":[{"embeddable":true,"href":"https:\/\/ugel04.gob.pe\/home\/wp-json\/wp\/v2\/users\/1"}],"replies":[{"embeddable":true,"href":"https:\/\/ugel04.gob.pe\/home\/wp-json\/wp\/v2\/comments?post=256872"}],"version-history":[{"count":3,"href":"https:\/\/ugel04.gob.pe\/home\/wp-json\/wp\/v2\/posts\/256872\/revisions"}],"predecessor-version":[{"id":256876,"href":"https:\/\/ugel04.gob.pe\/home\/wp-json\/wp\/v2\/posts\/256872\/revisions\/256876"}],"wp:featuredmedia":[{"embeddable":true,"href":"https:\/\/ugel04.gob.pe\/home\/wp-json\/wp\/v2\/media\/256873"}],"wp:attachment":[{"href":"https:\/\/ugel04.gob.pe\/home\/wp-json\/wp\/v2\/media?parent=256872"}],"wp:term":[{"taxonomy":"category","embeddable":true,"href":"https:\/\/ugel04.gob.pe\/home\/wp-json\/wp\/v2\/categories?post=256872"},{"taxonomy":"post_tag","embeddable":true,"href":"https:\/\/ugel04.gob.pe\/home\/wp-json\/wp\/v2\/tags?post=256872"}],"curies":[{"name":"wp","href":"https:\/\/api.w.org\/{rel}","templated":true}]}}