{"id":256803,"date":"2024-07-25T18:12:40","date_gmt":"2024-07-25T23:12:40","guid":{"rendered":"https:\/\/ugel04.gob.pe\/home\/?p=256803"},"modified":"2024-07-30T14:45:37","modified_gmt":"2024-07-30T19:45:37","slug":"docentes-reciben-capacitacion-sobre-prevencion-del-cancer-en-las-iiee","status":"publish","type":"post","link":"https:\/\/ugel04.gob.pe\/home\/docentes-reciben-capacitacion-sobre-prevencion-del-cancer-en-las-iiee\/","title":{"rendered":"DOCENTES RECIBEN CAPACITACI\u00d3N SOBRE PREVENCI\u00d3N DEL CANCER EN LAS IIEE"},"content":{"rendered":"<p>[et_pb_section fb_built=\u00bb1&#8243; _builder_version=\u00bb4.27.0&#8243; _module_preset=\u00bbdefault\u00bb da_disable_devices=\u00bboff|off|off\u00bb global_colors_info=\u00bb{}\u00bb da_is_popup=\u00bboff\u00bb da_exit_intent=\u00bboff\u00bb da_has_close=\u00bbon\u00bb da_alt_close=\u00bboff\u00bb da_dark_close=\u00bboff\u00bb da_not_modal=\u00bbon\u00bb da_is_singular=\u00bboff\u00bb da_with_loader=\u00bboff\u00bb da_has_shadow=\u00bbon\u00bb][et_pb_row _builder_version=\u00bb4.27.0&#8243; _module_preset=\u00bbdefault\u00bb global_colors_info=\u00bb{}\u00bb][et_pb_column type=\u00bb4_4&#8243; _builder_version=\u00bb4.27.0&#8243; _module_preset=\u00bbdefault\u00bb global_colors_info=\u00bb{}\u00bb][et_pb_text _builder_version=\u00bb4.27.0&#8243; _module_preset=\u00bbdefault\u00bb global_colors_info=\u00bb{}\u00bb]<\/p>\n<p>Con \u00e9xito se realiz\u00f3 el taller de capacitaci\u00f3n: \u201cSemillitas de la prevenci\u00f3n en C\u00e1ncer\u201d, una estrategia educativa dirigida por profesionales del Instituto Nacional de Enfermedades Neopl\u00e1sicas (INEN) a docentes de Educaci\u00f3n B\u00e1sica Regular de nuestra jurisdicci\u00f3n, con la finalidad de promover pr\u00e1cticas y estilos de vida saludable en los ni\u00f1os y adolescentes en edad escolar.<\/p>\n<p>Durante la jornada, desarrollada en la sede la Universidad de Ciencias y Humanidades \u2013 UCH, se brindaron orientaciones sobre como incluir el contenido tem\u00e1tico del c\u00e1ncer dentro de las materias pedag\u00f3gicas que dictan los docentes y de esta forma generar una cultura preventiva a este mal en la comunidad educativa.<\/p>\n<p>En esta oportunidad, los beneficiarios de la capacitaci\u00f3n fueron docentes de las Instituciones Educativas: N\u00b0 3512 Mar\u00eda Parado de Bellido, Estados Unidos y N\u00b0 3061 Jorge Ch\u00e1vez Dartnell.<\/p>\n<p>Cabe recalcar que este taller consta de dos fases: capacitaci\u00f3n e implementaci\u00f3n del proyecto pedag\u00f3gico desde las aulas, culminando con la presentaci\u00f3n de un producto, como una feria informativa, pasacalle, infograf\u00edas, d\u00edpticos, videos, etc.<\/p>\n<p>[\/et_pb_text][\/et_pb_column][\/et_pb_row][\/et_pb_section]<\/p>\n","protected":false},"excerpt":{"rendered":"<p>Con \u00e9xito se realiz\u00f3 el taller de capacitaci\u00f3n: \u201cSemillitas de la prevenci\u00f3n en C\u00e1ncer\u201d, una estrategia educativa dirigida por profesionales del Instituto Nacional de Enfermedades Neopl\u00e1sicas (INEN) a docentes de [&hellip;]<\/p>\n","protected":false},"author":1,"featured_media":256804,"comment_status":"open","ping_status":"open","sticky":false,"template":"","format":"standard","meta":{"_et_pb_use_builder":"on","_et_pb_old_content":"","_et_gb_content_width":"1080","footnotes":""},"categories":[10],"tags":[],"class_list":["post-256803","post","type-post","status-publish","format-standard","has-post-thumbnail","hentry","category-noticias"],"_links":{"self":[{"href":"https:\/\/ugel04.gob.pe\/home\/wp-json\/wp\/v2\/posts\/256803","targetHints":{"allow":["GET"]}}],"collection":[{"href":"https:\/\/ugel04.gob.pe\/home\/wp-json\/wp\/v2\/posts"}],"about":[{"href":"https:\/\/ugel04.gob.pe\/home\/wp-json\/wp\/v2\/types\/post"}],"author":[{"embeddable":true,"href":"https:\/\/ugel04.gob.pe\/home\/wp-json\/wp\/v2\/users\/1"}],"replies":[{"embeddable":true,"href":"https:\/\/ugel04.gob.pe\/home\/wp-json\/wp\/v2\/comments?post=256803"}],"version-history":[{"count":4,"href":"https:\/\/ugel04.gob.pe\/home\/wp-json\/wp\/v2\/posts\/256803\/revisions"}],"predecessor-version":[{"id":256849,"href":"https:\/\/ugel04.gob.pe\/home\/wp-json\/wp\/v2\/posts\/256803\/revisions\/256849"}],"wp:featuredmedia":[{"embeddable":true,"href":"https:\/\/ugel04.gob.pe\/home\/wp-json\/wp\/v2\/media\/256804"}],"wp:attachment":[{"href":"https:\/\/ugel04.gob.pe\/home\/wp-json\/wp\/v2\/media?parent=256803"}],"wp:term":[{"taxonomy":"category","embeddable":true,"href":"https:\/\/ugel04.gob.pe\/home\/wp-json\/wp\/v2\/categories?post=256803"},{"taxonomy":"post_tag","embeddable":true,"href":"https:\/\/ugel04.gob.pe\/home\/wp-json\/wp\/v2\/tags?post=256803"}],"curies":[{"name":"wp","href":"https:\/\/api.w.org\/{rel}","templated":true}]}}