{"id":256799,"date":"2024-07-25T17:09:15","date_gmt":"2024-07-25T22:09:15","guid":{"rendered":"https:\/\/ugel04.gob.pe\/home\/?p=256799"},"modified":"2024-08-05T00:43:21","modified_gmt":"2024-08-05T05:43:21","slug":"continua-ii-modulo-del-diplomado-en-gestion-pedagogica-para-docentes-de-cetpro","status":"publish","type":"post","link":"https:\/\/ugel04.gob.pe\/home\/continua-ii-modulo-del-diplomado-en-gestion-pedagogica-para-docentes-de-cetpro\/","title":{"rendered":"CONTIN\u00daA II M\u00d3DULO DEL DIPLOMADO EN GESTI\u00d3N PEDAG\u00d3GICA PARA DOCENTES DE CETPRO"},"content":{"rendered":"\n[et_pb_section fb_built=\u00bb1&#8243; theme_builder_area=\u00bbpost_content\u00bb _builder_version=\u00bb4.27.0&#8243; _module_preset=\u00bbdefault\u00bb da_is_popup=\u00bboff\u00bb da_exit_intent=\u00bboff\u00bb da_has_close=\u00bbon\u00bb da_alt_close=\u00bboff\u00bb da_dark_close=\u00bboff\u00bb da_not_modal=\u00bbon\u00bb da_is_singular=\u00bboff\u00bb da_with_loader=\u00bboff\u00bb da_has_shadow=\u00bbon\u00bb da_disable_devices=\u00bboff|off|off\u00bb][et_pb_row _builder_version=\u00bb4.27.0&#8243; _module_preset=\u00bbdefault\u00bb theme_builder_area=\u00bbpost_content\u00bb][et_pb_column _builder_version=\u00bb4.27.0&#8243; _module_preset=\u00bbdefault\u00bb type=\u00bb4_4&#8243; theme_builder_area=\u00bbpost_content\u00bb][et_pb_text _builder_version=\u00bb4.27.0&#8243; _module_preset=\u00bbdefault\u00bb theme_builder_area=\u00bbpost_content\u00bb hover_enabled=\u00bb0&#8243; sticky_enabled=\u00bb0&#8243;]<p>La UGEL 04 comprometida con la mejora del desempe\u00f1o profesional de los docentes en nuestra jurisdicci\u00f3n, inici\u00f3 el segundo m\u00f3dulo del diplomado en Gesti\u00f3n Pedag\u00f3gica en la Educaci\u00f3n T\u00e9cnico Productiva, titulado \u201cEmprendimiento y Empleabilidad\u201d, dirigido a directivos y profesores de CETPRO, en el cual se proporciona las herramientas y estrategias para una gesti\u00f3n educativa m\u00e1s efectiva en dicha modalidad.<\/p>\n<p>Este m\u00f3dulo correspondiente a la tercera sesi\u00f3n presencial, se viene desarrollando en el auditorio Magnum de la Universidad C\u00e9sar Vallejo, donde docentes y directivos exhiben sus proyectos y explican los trabajos realizados, vinculados a las diversas tem\u00e1ticas innovadoras desarrolladas en las capacitaciones previas.<\/p>\n<p>En esta oportunidad, la sesi\u00f3n cont\u00f3 con la participaci\u00f3n destacada de la ponente Rosa Alc\u00e1ntara, quien profundiz\u00f3 en los contenidos del m\u00f3dulo sobre el emprendimiento y la empleabilidad en nuestro pa\u00eds.<\/p>\n<p>Cabe recalcar que, el primer m\u00f3dulo iniciado en abril, incluy\u00f3 clases virtuales y presenciales, donde los docentes fueron capacitados con diversas estrategias educativas, consolidando as\u00ed una base s\u00f3lida para el desarrollo continuo de sus competencias profesionales.<\/p>\n<p>Las capacitaciones son supervisadas por los especialistas del AGEBATP, Israel Pinto, Nil\u00f3n Andrade y Ebidio Serna, quienes brindan su apoyo y conocimientos para enriquecer la experiencia de los participantes.<\/p>\n<p>AGEBATP continuar\u00e1 con el desarrollo del diplomado, asegurando que contribuyan significativamente al mejoramiento del sistema educativo en nuestra jurisdicci\u00f3n.<\/p>[\/et_pb_text][\/et_pb_column][\/et_pb_row][\/et_pb_section]\n","protected":false},"excerpt":{"rendered":"<p>La UGEL 04 comprometida con la mejora del desempe\u00f1o profesional de los docentes en nuestra jurisdicci\u00f3n, inici\u00f3 el segundo m\u00f3dulo del diplomado en Gesti\u00f3n Pedag\u00f3gica en la Educaci\u00f3n T\u00e9cnico Productiva, [&hellip;]<\/p>\n","protected":false},"author":1,"featured_media":256800,"comment_status":"closed","ping_status":"closed","sticky":false,"template":"","format":"standard","meta":{"_et_pb_use_builder":"on","_et_pb_old_content":"","_et_gb_content_width":"1080","footnotes":""},"categories":[10],"tags":[],"class_list":["post-256799","post","type-post","status-publish","format-standard","has-post-thumbnail","hentry","category-noticias"],"_links":{"self":[{"href":"https:\/\/ugel04.gob.pe\/home\/wp-json\/wp\/v2\/posts\/256799","targetHints":{"allow":["GET"]}}],"collection":[{"href":"https:\/\/ugel04.gob.pe\/home\/wp-json\/wp\/v2\/posts"}],"about":[{"href":"https:\/\/ugel04.gob.pe\/home\/wp-json\/wp\/v2\/types\/post"}],"author":[{"embeddable":true,"href":"https:\/\/ugel04.gob.pe\/home\/wp-json\/wp\/v2\/users\/1"}],"replies":[{"embeddable":true,"href":"https:\/\/ugel04.gob.pe\/home\/wp-json\/wp\/v2\/comments?post=256799"}],"version-history":[{"count":3,"href":"https:\/\/ugel04.gob.pe\/home\/wp-json\/wp\/v2\/posts\/256799\/revisions"}],"predecessor-version":[{"id":256877,"href":"https:\/\/ugel04.gob.pe\/home\/wp-json\/wp\/v2\/posts\/256799\/revisions\/256877"}],"wp:featuredmedia":[{"embeddable":true,"href":"https:\/\/ugel04.gob.pe\/home\/wp-json\/wp\/v2\/media\/256800"}],"wp:attachment":[{"href":"https:\/\/ugel04.gob.pe\/home\/wp-json\/wp\/v2\/media?parent=256799"}],"wp:term":[{"taxonomy":"category","embeddable":true,"href":"https:\/\/ugel04.gob.pe\/home\/wp-json\/wp\/v2\/categories?post=256799"},{"taxonomy":"post_tag","embeddable":true,"href":"https:\/\/ugel04.gob.pe\/home\/wp-json\/wp\/v2\/tags?post=256799"}],"curies":[{"name":"wp","href":"https:\/\/api.w.org\/{rel}","templated":true}]}}