{"id":256791,"date":"2024-07-25T16:21:01","date_gmt":"2024-07-25T21:21:01","guid":{"rendered":"https:\/\/ugel04.gob.pe\/home\/?p=256791"},"modified":"2024-07-25T16:21:08","modified_gmt":"2024-07-25T21:21:08","slug":"continua-curso-de-especializacion-para-docentes-de-inicial-y-primaria","status":"publish","type":"post","link":"https:\/\/ugel04.gob.pe\/home\/continua-curso-de-especializacion-para-docentes-de-inicial-y-primaria\/","title":{"rendered":"CONTIN\u00daA CURSO DE ESPECIALIZACI\u00d3N PARA DOCENTES DE INICIAL Y PRIMARIA"},"content":{"rendered":"<p>[et_pb_section fb_built=\u00bb1&#8243; theme_builder_area=\u00bbpost_content\u00bb _builder_version=\u00bb4.27.0&#8243; _module_preset=\u00bbdefault\u00bb da_is_popup=\u00bboff\u00bb da_exit_intent=\u00bboff\u00bb da_has_close=\u00bbon\u00bb da_alt_close=\u00bboff\u00bb da_dark_close=\u00bboff\u00bb da_not_modal=\u00bbon\u00bb da_is_singular=\u00bboff\u00bb da_with_loader=\u00bboff\u00bb da_has_shadow=\u00bbon\u00bb da_disable_devices=\u00bboff|off|off\u00bb][et_pb_row _builder_version=\u00bb4.27.0&#8243; _module_preset=\u00bbdefault\u00bb theme_builder_area=\u00bbpost_content\u00bb][et_pb_column _builder_version=\u00bb4.27.0&#8243; _module_preset=\u00bbdefault\u00bb type=\u00bb4_4&#8243; theme_builder_area=\u00bbpost_content\u00bb][et_pb_text _builder_version=\u00bb4.27.0&#8243; _module_preset=\u00bbdefault\u00bb theme_builder_area=\u00bbpost_content\u00bb hover_enabled=\u00bb0&#8243; sticky_enabled=\u00bb0&#8243;]<\/p>\n<p>En marco del desarrollo del curso de especializaci\u00f3n para el 4\u00b0 grado de primaria de las escuelas p\u00fablicas de nuestra jurisdicci\u00f3n, se viene desarrollando el M\u00f3dulo 5 del taller presencial organizado por la UGEL 04, sobre: \u201cAn\u00e1lisis de la competencia matem\u00e1tica y estrategias did\u00e1cticas para la resoluci\u00f3n de problemas\u201d, en la sede de la UCV \u2013 Lima Norte.<\/p>\n<p>La capacitaci\u00f3n que es dictada por los especialistas en educaci\u00f3n de AGEBRE, tiene como finalidad reforzar las capacidades pedag\u00f3gica de los docentes del nivel primaria en todas las materias educativas, para mejorar los \u00edndices de aprendizaje de los estudiantes en las aulas.<\/p>\n<p>En esta oportunidad la jornada se desarrolla en dos d\u00edas consecutivos, para los profesores de Puente Piedra y Santa Rosa (24 y 25 de julio) en horas de la ma\u00f1ana, garantizando que todos los profesores de 4\u00b0 grado de nuestra jurisdicci\u00f3n puedan asistir. En tanto que, los docentes de Comas, Carabayllo y Anc\u00f3n har\u00e1n lo propio los d\u00edas 30 y 31 de julio.<\/p>\n<p><strong>Capacitaci\u00f3n a nivel inicial <\/strong><\/p>\n<p>De la misma manera, las profesoras del nivel inicial asisten al presente curso de especializaci\u00f3n en las aulas de la UCV; en esta oportunidad, para recibir conocimientos que potencien su dominio de la pedagog\u00eda l\u00fadica (juego y sectores), la creatividad en la infancia; adem\u00e1s de la implementaci\u00f3n de estrategias que provoquen crear proyectos e ideas.<\/p>\n<p>Cabe destacar la presencia del jefe de AGEBRE Jhonny Ventura en las jornadas, quien recalc\u00f3 la importancia de esta instrucci\u00f3n, como una acci\u00f3n que coadyuvar\u00e1 a la mejora de la calidad educativa en nuestras escuelas.<\/p>\n<p>&nbsp;<\/p>\n<p>&nbsp;<\/p>\n<p>[\/et_pb_text][\/et_pb_column][\/et_pb_row][\/et_pb_section]<\/p>\n","protected":false},"excerpt":{"rendered":"<p>En marco del desarrollo del curso de especializaci\u00f3n para el 4\u00b0 grado de primaria de las escuelas p\u00fablicas de nuestra jurisdicci\u00f3n, se viene desarrollando el M\u00f3dulo 5 del taller presencial [&hellip;]<\/p>\n","protected":false},"author":1,"featured_media":256792,"comment_status":"open","ping_status":"open","sticky":false,"template":"","format":"standard","meta":{"_et_pb_use_builder":"on","_et_pb_old_content":"","_et_gb_content_width":"1080","footnotes":""},"categories":[10],"tags":[],"class_list":["post-256791","post","type-post","status-publish","format-standard","has-post-thumbnail","hentry","category-noticias"],"_links":{"self":[{"href":"https:\/\/ugel04.gob.pe\/home\/wp-json\/wp\/v2\/posts\/256791","targetHints":{"allow":["GET"]}}],"collection":[{"href":"https:\/\/ugel04.gob.pe\/home\/wp-json\/wp\/v2\/posts"}],"about":[{"href":"https:\/\/ugel04.gob.pe\/home\/wp-json\/wp\/v2\/types\/post"}],"author":[{"embeddable":true,"href":"https:\/\/ugel04.gob.pe\/home\/wp-json\/wp\/v2\/users\/1"}],"replies":[{"embeddable":true,"href":"https:\/\/ugel04.gob.pe\/home\/wp-json\/wp\/v2\/comments?post=256791"}],"version-history":[{"count":2,"href":"https:\/\/ugel04.gob.pe\/home\/wp-json\/wp\/v2\/posts\/256791\/revisions"}],"predecessor-version":[{"id":256794,"href":"https:\/\/ugel04.gob.pe\/home\/wp-json\/wp\/v2\/posts\/256791\/revisions\/256794"}],"wp:featuredmedia":[{"embeddable":true,"href":"https:\/\/ugel04.gob.pe\/home\/wp-json\/wp\/v2\/media\/256792"}],"wp:attachment":[{"href":"https:\/\/ugel04.gob.pe\/home\/wp-json\/wp\/v2\/media?parent=256791"}],"wp:term":[{"taxonomy":"category","embeddable":true,"href":"https:\/\/ugel04.gob.pe\/home\/wp-json\/wp\/v2\/categories?post=256791"},{"taxonomy":"post_tag","embeddable":true,"href":"https:\/\/ugel04.gob.pe\/home\/wp-json\/wp\/v2\/tags?post=256791"}],"curies":[{"name":"wp","href":"https:\/\/api.w.org\/{rel}","templated":true}]}}