{"id":256787,"date":"2024-07-25T16:07:30","date_gmt":"2024-07-25T21:07:30","guid":{"rendered":"https:\/\/ugel04.gob.pe\/home\/?p=256787"},"modified":"2024-07-25T16:07:37","modified_gmt":"2024-07-25T21:07:37","slug":"directivos-y-docentes-de-ebe-reciben-capacitacion-especializada-para-mejorar-pedagogia","status":"publish","type":"post","link":"https:\/\/ugel04.gob.pe\/home\/directivos-y-docentes-de-ebe-reciben-capacitacion-especializada-para-mejorar-pedagogia\/","title":{"rendered":"DIRECTIVOS Y DOCENTES DE EBE RECIBEN CAPACITACI\u00d3N ESPECIALIZADA PARA MEJORAR PEDAGOG\u00cdA"},"content":{"rendered":"<p>[et_pb_section fb_built=\u00bb1&#8243; theme_builder_area=\u00bbpost_content\u00bb _builder_version=\u00bb4.27.0&#8243; _module_preset=\u00bbdefault\u00bb da_is_popup=\u00bboff\u00bb da_exit_intent=\u00bboff\u00bb da_has_close=\u00bbon\u00bb da_alt_close=\u00bboff\u00bb da_dark_close=\u00bboff\u00bb da_not_modal=\u00bbon\u00bb da_is_singular=\u00bboff\u00bb da_with_loader=\u00bboff\u00bb da_has_shadow=\u00bbon\u00bb da_disable_devices=\u00bboff|off|off\u00bb][et_pb_row _builder_version=\u00bb4.27.0&#8243; _module_preset=\u00bbdefault\u00bb theme_builder_area=\u00bbpost_content\u00bb][et_pb_column _builder_version=\u00bb4.27.0&#8243; _module_preset=\u00bbdefault\u00bb type=\u00bb4_4&#8243; theme_builder_area=\u00bbpost_content\u00bb][et_pb_text _builder_version=\u00bb4.27.0&#8243; _module_preset=\u00bbdefault\u00bb theme_builder_area=\u00bbpost_content\u00bb hover_enabled=\u00bb0&#8243; sticky_enabled=\u00bb0&#8243;]<\/p>\n<p><span>Durante dos d\u00edas consecutivos, la UGEL 04 a trav\u00e9s del \u00c1rea de Gesti\u00f3n de la Educaci\u00f3n B\u00e1sica Regular y Especial &#8211; AGEBRE, desarroll\u00f3 diversos talleres de fortalecimiento pedag\u00f3gico dirigidos a los docentes de la modalidad de Educaci\u00f3n B\u00e1sica Especial &#8211; EBE. <\/span><\/p>\n<p><span>\u00a0<\/span><\/p>\n<p><span>Durante primer d\u00eda, el Dr. Oscar Ingaruca -destacado especialista en psicomotricidad-, dirigi\u00f3 sesiones enfocadas en el manejo de t\u00e9cnicas innovadoras de psicomotricidad y neuro psicomotricidad, para atender a los ni\u00f1os y j\u00f3venes con discapacidad severa y multi discapacidad. Para el efecto se realizaron actividades f\u00edsicas sencillas y divertidas con el objetivo de compartir de manera din\u00e1mica estas experiencias enriquecedoras en las aulas.<\/span><\/p>\n<p><span>\u00a0<\/span><\/p>\n<p><span>El segundo d\u00eda se centr\u00f3 en el taller \u00abDificultades del Procesamiento Sensorial en el Aula\u00bb, conducido por Fiorella Milagros Loli Portal, tecn\u00f3loga m\u00e9dico y terapeuta, quien brind\u00f3 diversas pautas para mejorar la experiencia de aprendizaje de estudiantes con necesidades sensoriales especiales.<\/span><\/p>\n<p><span>\u00a0<\/span><\/p>\n<p><span>Ambos talleres dotaron a los docentes de conocimientos pr\u00e1cticos en educaci\u00f3n f\u00edsica y psicomotriz, facilitando as\u00ed una ense\u00f1anza efectiva que reconoce la importancia de la psicomotricidad en el desarrollo neuronal y crecimiento saludable de los j\u00f3venes.<\/span><\/p>\n<p><span>\u00a0<\/span><\/p>\n<p><span>Este enfoque no solo promueve el desarrollo neurol\u00f3gico y la movilidad, sino que tambi\u00e9n apoya a los estudiantes en su desenvolvimiento en el entorno, respetando sus capacidades individuales.<\/span><\/p>\n<p><span>\u00a0<\/span><\/p>\n<p><span>Destacando la importancia de una educaci\u00f3n adaptada a las necesidades espec\u00edficas de cada alumno, el programa busc\u00f3 fomentar un entorno de aprendizaje equitativo y comprensivo.<\/span><\/p>\n<p>[\/et_pb_text][\/et_pb_column][\/et_pb_row][\/et_pb_section]<\/p>\n","protected":false},"excerpt":{"rendered":"<p>Durante dos d\u00edas consecutivos, la UGEL 04 a trav\u00e9s del \u00c1rea de Gesti\u00f3n de la Educaci\u00f3n B\u00e1sica Regular y Especial &#8211; AGEBRE, desarroll\u00f3 diversos talleres de fortalecimiento pedag\u00f3gico dirigidos a [&hellip;]<\/p>\n","protected":false},"author":1,"featured_media":256788,"comment_status":"open","ping_status":"open","sticky":false,"template":"","format":"standard","meta":{"_et_pb_use_builder":"on","_et_pb_old_content":"","_et_gb_content_width":"1080","footnotes":""},"categories":[10],"tags":[],"class_list":["post-256787","post","type-post","status-publish","format-standard","has-post-thumbnail","hentry","category-noticias"],"_links":{"self":[{"href":"https:\/\/ugel04.gob.pe\/home\/wp-json\/wp\/v2\/posts\/256787","targetHints":{"allow":["GET"]}}],"collection":[{"href":"https:\/\/ugel04.gob.pe\/home\/wp-json\/wp\/v2\/posts"}],"about":[{"href":"https:\/\/ugel04.gob.pe\/home\/wp-json\/wp\/v2\/types\/post"}],"author":[{"embeddable":true,"href":"https:\/\/ugel04.gob.pe\/home\/wp-json\/wp\/v2\/users\/1"}],"replies":[{"embeddable":true,"href":"https:\/\/ugel04.gob.pe\/home\/wp-json\/wp\/v2\/comments?post=256787"}],"version-history":[{"count":2,"href":"https:\/\/ugel04.gob.pe\/home\/wp-json\/wp\/v2\/posts\/256787\/revisions"}],"predecessor-version":[{"id":256790,"href":"https:\/\/ugel04.gob.pe\/home\/wp-json\/wp\/v2\/posts\/256787\/revisions\/256790"}],"wp:featuredmedia":[{"embeddable":true,"href":"https:\/\/ugel04.gob.pe\/home\/wp-json\/wp\/v2\/media\/256788"}],"wp:attachment":[{"href":"https:\/\/ugel04.gob.pe\/home\/wp-json\/wp\/v2\/media?parent=256787"}],"wp:term":[{"taxonomy":"category","embeddable":true,"href":"https:\/\/ugel04.gob.pe\/home\/wp-json\/wp\/v2\/categories?post=256787"},{"taxonomy":"post_tag","embeddable":true,"href":"https:\/\/ugel04.gob.pe\/home\/wp-json\/wp\/v2\/tags?post=256787"}],"curies":[{"name":"wp","href":"https:\/\/api.w.org\/{rel}","templated":true}]}}