{"id":256458,"date":"2024-07-10T10:39:49","date_gmt":"2024-07-10T15:39:49","guid":{"rendered":"https:\/\/ugel04.gob.pe\/home\/?p=256458"},"modified":"2024-07-10T10:46:50","modified_gmt":"2024-07-10T15:46:50","slug":"eligen-comites-de-lideres-estudiantiles-de-ugel-04","status":"publish","type":"post","link":"https:\/\/ugel04.gob.pe\/home\/eligen-comites-de-lideres-estudiantiles-de-ugel-04\/","title":{"rendered":"ELIGEN COMIT\u00c9S DE L\u00cdDERES ESTUDIANTILES DE UGEL 04"},"content":{"rendered":"\n[et_pb_section fb_built=\u00bb1&#8243; theme_builder_area=\u00bbpost_content\u00bb _builder_version=\u00bb4.26.0&#8243; _module_preset=\u00bbdefault\u00bb da_is_popup=\u00bboff\u00bb da_exit_intent=\u00bboff\u00bb da_has_close=\u00bbon\u00bb da_alt_close=\u00bboff\u00bb da_dark_close=\u00bboff\u00bb da_not_modal=\u00bbon\u00bb da_is_singular=\u00bboff\u00bb da_with_loader=\u00bboff\u00bb da_has_shadow=\u00bbon\u00bb da_disable_devices=\u00bboff|off|off\u00bb][et_pb_row _builder_version=\u00bb4.26.0&#8243; _module_preset=\u00bbdefault\u00bb theme_builder_area=\u00bbpost_content\u00bb][et_pb_column _builder_version=\u00bb4.26.0&#8243; _module_preset=\u00bbdefault\u00bb type=\u00bb4_4&#8243; theme_builder_area=\u00bbpost_content\u00bb][et_pb_text _builder_version=\u00bb4.26.0&#8243; _module_preset=\u00bbdefault\u00bb theme_builder_area=\u00bbpost_content\u00bb hover_enabled=\u00bb0&#8243; sticky_enabled=\u00bb0&#8243;]<p>En un riguroso proceso democr\u00e1tico, que cont\u00f3 con la participaci\u00f3n de los escolares representantes de las 27 redes educativas de nuestra jurisdicci\u00f3n, se eligi\u00f3 a los comit\u00e9s de l\u00edderes estudiantiles del nivel primaria y secundaria de la UGEL 04, los cuales nos representar\u00e1n ante la DRELM, como parte integrante del Comit\u00e9 Metropolitano de Estudiantes (COMETE).<\/p>\n<p>La elecci\u00f3n de los dos comit\u00e9s integrados por siete representantes por nivel, realizada en la IE San Felipe de Comas, tuvo como marco preliminar el desarrollo de actividades comunes (plenarias), en las cuales, los estudiantes analizaron, debatieron y presentaron propuestas referidas a la prevenci\u00f3n de la violencia escolar y el desarrollo de acciones conjuntas con los docentes y entes tutelares educativos para mejorar la convivencia en las escuelas.<\/p>\n<p>En este contexto, la socializaci\u00f3n de los planteamientos realizada de manera grupal y luego individual, puso en evidencia creativas propuestas destinadas a erradicar el maltrato f\u00edsico y psicol\u00f3gico en los planteles, tales como: la implementaci\u00f3n de radios escolares y talleres de arte, libros de aventuras socioemocionales, fomento de deportes colectivos, presencia de m\u00e1s psic\u00f3logos, mesas redondas con participaci\u00f3n de quienes protagonicen acciones violentas (bullying), tutor\u00eda activa, talleres de sensibilizaci\u00f3n para docentes, estudiantes y padres de familia, entre otros.<\/p>\n<p>Posteriormente, los l\u00edderes estudiantiles emitieron su voto en dos mesas de sufragio, eligiendo democr\u00e1ticamente a los 14 representantes, que llevar\u00e1n la voz de propuestas, interrogantes y observaciones de la comunidad escolar perteneciente a las instituciones educativas p\u00fablicas de la UGEL 04.<\/p>\n<p>Tras la jornada democr\u00e1tica, la directora de nuestra entidad, Nelly Cunza, tom\u00f3 juramento a los miembros de los dos comit\u00e9s elegidos, no sin antes expresar su felicitaci\u00f3n por el logro y confianza en el trabajo que desarrollar\u00e1n, \u201custedes son una generaci\u00f3n de grandes posibilidades de cambio en el pa\u00eds. Son muy importantes para lograr la mejora de las condiciones en las escuelas y seguro que en el futuro contribuir\u00e1n a que el Per\u00fa tenga una sociedad m\u00e1s justa, democr\u00e1tica y equitativa\u201d, refiri\u00f3.<\/p>\n<p>Cabe destacar que, los comit\u00e9s de l\u00edderes estudiantiles tendr\u00e1n una vigencia de dos a\u00f1os, periodo en el que ayudar\u00e1n a compartir las ideas, intereses y preocupaciones de m\u00e1s de 100 mil escolares de nuestra jurisdicci\u00f3n, con los profesores y las autoridades de las instituciones tutelares del sector; as\u00ed como, de los aliados estrat\u00e9gicos por la educaci\u00f3n.<\/p>[\/et_pb_text][\/et_pb_column][\/et_pb_row][\/et_pb_section]\n","protected":false},"excerpt":{"rendered":"<p>En un riguroso proceso democr\u00e1tico, que cont\u00f3 con la participaci\u00f3n de los escolares representantes de las 27 redes educativas de nuestra jurisdicci\u00f3n, se eligi\u00f3 a los comit\u00e9s de l\u00edderes estudiantiles [&hellip;]<\/p>\n","protected":false},"author":1,"featured_media":256463,"comment_status":"closed","ping_status":"closed","sticky":false,"template":"","format":"standard","meta":{"_et_pb_use_builder":"on","_et_pb_old_content":"","_et_gb_content_width":"1080","footnotes":""},"categories":[10],"tags":[],"class_list":["post-256458","post","type-post","status-publish","format-standard","has-post-thumbnail","hentry","category-noticias"],"_links":{"self":[{"href":"https:\/\/ugel04.gob.pe\/home\/wp-json\/wp\/v2\/posts\/256458","targetHints":{"allow":["GET"]}}],"collection":[{"href":"https:\/\/ugel04.gob.pe\/home\/wp-json\/wp\/v2\/posts"}],"about":[{"href":"https:\/\/ugel04.gob.pe\/home\/wp-json\/wp\/v2\/types\/post"}],"author":[{"embeddable":true,"href":"https:\/\/ugel04.gob.pe\/home\/wp-json\/wp\/v2\/users\/1"}],"replies":[{"embeddable":true,"href":"https:\/\/ugel04.gob.pe\/home\/wp-json\/wp\/v2\/comments?post=256458"}],"version-history":[{"count":3,"href":"https:\/\/ugel04.gob.pe\/home\/wp-json\/wp\/v2\/posts\/256458\/revisions"}],"predecessor-version":[{"id":256464,"href":"https:\/\/ugel04.gob.pe\/home\/wp-json\/wp\/v2\/posts\/256458\/revisions\/256464"}],"wp:featuredmedia":[{"embeddable":true,"href":"https:\/\/ugel04.gob.pe\/home\/wp-json\/wp\/v2\/media\/256463"}],"wp:attachment":[{"href":"https:\/\/ugel04.gob.pe\/home\/wp-json\/wp\/v2\/media?parent=256458"}],"wp:term":[{"taxonomy":"category","embeddable":true,"href":"https:\/\/ugel04.gob.pe\/home\/wp-json\/wp\/v2\/categories?post=256458"},{"taxonomy":"post_tag","embeddable":true,"href":"https:\/\/ugel04.gob.pe\/home\/wp-json\/wp\/v2\/tags?post=256458"}],"curies":[{"name":"wp","href":"https:\/\/api.w.org\/{rel}","templated":true}]}}