{"id":255704,"date":"2024-04-29T13:33:23","date_gmt":"2024-04-29T18:33:23","guid":{"rendered":"https:\/\/ugel04.gob.pe\/home\/?p=255704"},"modified":"2024-04-29T13:33:31","modified_gmt":"2024-04-29T18:33:31","slug":"coordinadores-de-rei-de-lima-exponen-avances-de-gestion-en-torno-a-escuela-de-la-confianza","status":"publish","type":"post","link":"https:\/\/ugel04.gob.pe\/home\/coordinadores-de-rei-de-lima-exponen-avances-de-gestion-en-torno-a-escuela-de-la-confianza\/","title":{"rendered":"COORDINADORES DE REI DE LIMA EXPONEN AVANCES DE GESTI\u00d3N EN TORNO A ESCUELA DE LA CONFIANZA\u00a0"},"content":{"rendered":"<p>[et_pb_section fb_built=\u00bb1&#8243; theme_builder_area=\u00bbpost_content\u00bb _builder_version=\u00bb4.25.0&#8243; _module_preset=\u00bbdefault\u00bb da_is_popup=\u00bboff\u00bb da_exit_intent=\u00bboff\u00bb da_has_close=\u00bbon\u00bb da_alt_close=\u00bboff\u00bb da_dark_close=\u00bboff\u00bb da_not_modal=\u00bbon\u00bb da_is_singular=\u00bboff\u00bb da_with_loader=\u00bboff\u00bb da_has_shadow=\u00bbon\u00bb da_disable_devices=\u00bboff|off|off\u00bb][et_pb_row _builder_version=\u00bb4.25.0&#8243; _module_preset=\u00bbdefault\u00bb theme_builder_area=\u00bbpost_content\u00bb][et_pb_column _builder_version=\u00bb4.25.0&#8243; _module_preset=\u00bbdefault\u00bb type=\u00bb4_4&#8243; theme_builder_area=\u00bbpost_content\u00bb][et_pb_text _builder_version=\u00bb4.25.0&#8243; _module_preset=\u00bbdefault\u00bb theme_builder_area=\u00bbpost_content\u00bb hover_enabled=\u00bb0&#8243; sticky_enabled=\u00bb0&#8243;]<\/p>\n<p>En el marco de la estrategia de la Escuela de la confianza, la Direcci\u00f3n Regional de Educaci\u00f3n de Lima Metropolitana (DRELM), viene convocando de manera mensual a los coordinadores generales de las Redes Educativas Institucionales (REI) de las siete UGEL de nuestra ciudad capital, con la finalidad de compartir experiencias de gesti\u00f3n e intercambiar criterios que permitan mejorar la calidad educativa en los colegios.<\/p>\n<p>En esta oportunidad, durante la reuni\u00f3n realizada en la IE N\u00ba 2026 Sim\u00f3n Bol\u00edvar en Comas, los directores coordinadores de las REI participantes dieron a conocer, a modo de balance, las acciones que desarrollan en sus jurisdicciones como parte de la implementaci\u00f3n del plan de trabajo organizacional en marco de la Escuela de la Confianza.<\/p>\n<p>En este contexto, el director de la DRELM Luis Quintanilla, quien lider\u00f3 la actividad junto a nuestra directora Nelly Cunza, recalc\u00f3 la importancia de avanzar los lineamientos de la estrategia que impulsa su entidad a fin de fortalecer los aprendizajes y construir espacios motivadores que beneficien a los estudiantes.<\/p>\n<p>A su turno, los especialistas de la Oficina de Gesti\u00f3n Pedag\u00f3gica de la DRELM, expusieron los alcances de su Plan de trabajo anual en lo concerniente a la Evaluaci\u00f3n Censal de Estudiantes (ECE), la oferta formativa de los aliados, los diplomados en marcha, entre otros.<\/p>\n<p>Asimismo, representantes de la Oficina de Supervisi\u00f3n del Servicio Educativo (OSSE), dieron a conocer sus acciones en torno a los simulacros inopinados ante sismos y acciones asociadas, acciones ante rebrote de dengue, entre otros.<\/p>\n<p>Por su parte, la directora Nelly Cunza -en su calidad de anfitriona del evento- motiv\u00f3 a los asistentes a hacer el efecto multiplicador en sus respectivas REI, a fin de cumplir con los objetivos establecidos, en lo referente a las Metas de Aprendizaje, Certificaci\u00f3n M\u00faltiple, Bienestar de la Comunidad Educativa, y Gesti\u00f3n Escolar Aut\u00f3noma.<\/p>\n<p>De esta manera, la UGEL 04 viene trabajando en conjunto con la DRELM y las siete UGEL de Lima, para fortalecer la escuela de la confianza y lograr que los estudiantes reciban aprendizajes para la vida.<\/p>\n<p>[\/et_pb_text][\/et_pb_column][\/et_pb_row][\/et_pb_section]<\/p>\n","protected":false},"excerpt":{"rendered":"<p>En el marco de la estrategia de la Escuela de la confianza, la Direcci\u00f3n Regional de Educaci\u00f3n de Lima Metropolitana (DRELM), viene convocando de manera mensual a los coordinadores generales [&hellip;]<\/p>\n","protected":false},"author":1,"featured_media":255705,"comment_status":"closed","ping_status":"closed","sticky":false,"template":"","format":"standard","meta":{"_et_pb_use_builder":"on","_et_pb_old_content":"","_et_gb_content_width":"1080","footnotes":""},"categories":[10],"tags":[],"class_list":["post-255704","post","type-post","status-publish","format-standard","has-post-thumbnail","hentry","category-noticias"],"_links":{"self":[{"href":"https:\/\/ugel04.gob.pe\/home\/wp-json\/wp\/v2\/posts\/255704","targetHints":{"allow":["GET"]}}],"collection":[{"href":"https:\/\/ugel04.gob.pe\/home\/wp-json\/wp\/v2\/posts"}],"about":[{"href":"https:\/\/ugel04.gob.pe\/home\/wp-json\/wp\/v2\/types\/post"}],"author":[{"embeddable":true,"href":"https:\/\/ugel04.gob.pe\/home\/wp-json\/wp\/v2\/users\/1"}],"replies":[{"embeddable":true,"href":"https:\/\/ugel04.gob.pe\/home\/wp-json\/wp\/v2\/comments?post=255704"}],"version-history":[{"count":2,"href":"https:\/\/ugel04.gob.pe\/home\/wp-json\/wp\/v2\/posts\/255704\/revisions"}],"predecessor-version":[{"id":255712,"href":"https:\/\/ugel04.gob.pe\/home\/wp-json\/wp\/v2\/posts\/255704\/revisions\/255712"}],"wp:featuredmedia":[{"embeddable":true,"href":"https:\/\/ugel04.gob.pe\/home\/wp-json\/wp\/v2\/media\/255705"}],"wp:attachment":[{"href":"https:\/\/ugel04.gob.pe\/home\/wp-json\/wp\/v2\/media?parent=255704"}],"wp:term":[{"taxonomy":"category","embeddable":true,"href":"https:\/\/ugel04.gob.pe\/home\/wp-json\/wp\/v2\/categories?post=255704"},{"taxonomy":"post_tag","embeddable":true,"href":"https:\/\/ugel04.gob.pe\/home\/wp-json\/wp\/v2\/tags?post=255704"}],"curies":[{"name":"wp","href":"https:\/\/api.w.org\/{rel}","templated":true}]}}