{"id":255686,"date":"2024-04-26T17:05:46","date_gmt":"2024-04-26T22:05:46","guid":{"rendered":"https:\/\/ugel04.gob.pe\/home\/?p=255686"},"modified":"2024-04-26T17:06:08","modified_gmt":"2024-04-26T22:06:08","slug":"alumnas-de-ie-3512-de-chocas-reciben-capacitacion-en-manejo-de-inteligencia-artificial","status":"publish","type":"post","link":"https:\/\/ugel04.gob.pe\/home\/alumnas-de-ie-3512-de-chocas-reciben-capacitacion-en-manejo-de-inteligencia-artificial\/","title":{"rendered":"ALUMNAS DE IE 3512 DE CHOCAS RECIBEN CAPACITACI\u00d3N EN MANEJO DE INTELIGENCIA ARTIFICIAL"},"content":{"rendered":"<p>[et_pb_section fb_built=\u00bb1&#8243; theme_builder_area=\u00bbpost_content\u00bb _builder_version=\u00bb4.25.0&#8243; _module_preset=\u00bbdefault\u00bb da_is_popup=\u00bboff\u00bb da_exit_intent=\u00bboff\u00bb da_has_close=\u00bbon\u00bb da_alt_close=\u00bboff\u00bb da_dark_close=\u00bboff\u00bb da_not_modal=\u00bbon\u00bb da_is_singular=\u00bboff\u00bb da_with_loader=\u00bboff\u00bb da_has_shadow=\u00bbon\u00bb da_disable_devices=\u00bboff|off|off\u00bb][et_pb_row _builder_version=\u00bb4.25.0&#8243; _module_preset=\u00bbdefault\u00bb theme_builder_area=\u00bbpost_content\u00bb][et_pb_column _builder_version=\u00bb4.25.0&#8243; _module_preset=\u00bbdefault\u00bb type=\u00bb4_4&#8243; theme_builder_area=\u00bbpost_content\u00bb][et_pb_text _builder_version=\u00bb4.25.0&#8243; _module_preset=\u00bbdefault\u00bb theme_builder_area=\u00bbpost_content\u00bb hover_enabled=\u00bb0&#8243; sticky_enabled=\u00bb0&#8243;]<\/p>\n<p>En el D\u00eda Internacional de las Ni\u00f1as en las Tecnolog\u00edas de la Informaci\u00f3n y la Comunicaci\u00f3n (TIC), 40 estudiantes mujeres de 3\u00ba, 4\u00ba y 5\u00ba a\u00f1o de secundaria de la IE 3512 Mar\u00eda Parado de Bellido de Carabayllo y de la IE Los \u00c1ngeles de Ventanilla, participaron en una jornada de capacitaci\u00f3n sobre manejo de la Inteligencia Artificial e interactuaron con destacadas figuras femeninas vinculadas al sector tecnol\u00f3gico.<\/p>\n<p>La actividad pedag\u00f3gica y de mentor\u00eda forma parte del programa \u201cNi\u00f1as con oportunidades\u201d, que viene desarrollando la ONG Care Per\u00fa, en las escuelas ubicadas en las zonas vulnerables de nuestra jurisdicci\u00f3n, con la finalidad de contribuir al cierre de brechas de igualdad, de competencias y de oportunidades entre hombres y mujeres.<\/p>\n<p>En este contexto, las alumnas recibieron adiestramiento en un curso introductorio denominado \u201cInteligencia Artificial para los Oc\u00e9anos\u201d creado por Hour of Code en donde aprendieron conceptos b\u00e1sicos de IA, y mediante actividades l\u00fadicas, aprendieron a programar (entrenar) un sistema de inteligencia artificial para identificar peces y basura en el oc\u00e9ano.<\/p>\n<p>Posteriormente, se realiz\u00f3 una sesi\u00f3n de mentor\u00eda en donde las estudiantes conversaron e interactuaron con invitadas con el perfil de mujeres inspiradoras trabajando en el sector TIC, como: Giovanna Cortez (gerente general de Microsoft Per\u00fa), Carla Sosa (viceministra de Comunicaciones &#8211; MTC), entre otras lideres de IBM, Google, AWS, etc; de quienes recibieron orientaci\u00f3n trascendental para su desarrollo integral. \u00a0<\/p>\n<p>Cabe resaltar la presencia de la directora de la UGEL 04, Nelly Cunza, quien expres\u00f3 palabras de aliento y felicitaci\u00f3n a las escolares, motiv\u00e1ndolas a sacar el mayor provecho a la tecnolog\u00eda que tienen a la mano, para lograr el \u00e9xito anhelado en sus vidas.<\/p>\n<p>[\/et_pb_text][\/et_pb_column][\/et_pb_row][\/et_pb_section]<\/p>\n","protected":false},"excerpt":{"rendered":"<p>En el D\u00eda Internacional de las Ni\u00f1as en las Tecnolog\u00edas de la Informaci\u00f3n y la Comunicaci\u00f3n (TIC), 40 estudiantes mujeres de 3\u00ba, 4\u00ba y 5\u00ba a\u00f1o de secundaria de la [&hellip;]<\/p>\n","protected":false},"author":1,"featured_media":255687,"comment_status":"closed","ping_status":"closed","sticky":false,"template":"","format":"standard","meta":{"_et_pb_use_builder":"on","_et_pb_old_content":"","_et_gb_content_width":"1080","footnotes":""},"categories":[10],"tags":[],"class_list":["post-255686","post","type-post","status-publish","format-standard","has-post-thumbnail","hentry","category-noticias"],"_links":{"self":[{"href":"https:\/\/ugel04.gob.pe\/home\/wp-json\/wp\/v2\/posts\/255686","targetHints":{"allow":["GET"]}}],"collection":[{"href":"https:\/\/ugel04.gob.pe\/home\/wp-json\/wp\/v2\/posts"}],"about":[{"href":"https:\/\/ugel04.gob.pe\/home\/wp-json\/wp\/v2\/types\/post"}],"author":[{"embeddable":true,"href":"https:\/\/ugel04.gob.pe\/home\/wp-json\/wp\/v2\/users\/1"}],"replies":[{"embeddable":true,"href":"https:\/\/ugel04.gob.pe\/home\/wp-json\/wp\/v2\/comments?post=255686"}],"version-history":[{"count":2,"href":"https:\/\/ugel04.gob.pe\/home\/wp-json\/wp\/v2\/posts\/255686\/revisions"}],"predecessor-version":[{"id":255689,"href":"https:\/\/ugel04.gob.pe\/home\/wp-json\/wp\/v2\/posts\/255686\/revisions\/255689"}],"wp:featuredmedia":[{"embeddable":true,"href":"https:\/\/ugel04.gob.pe\/home\/wp-json\/wp\/v2\/media\/255687"}],"wp:attachment":[{"href":"https:\/\/ugel04.gob.pe\/home\/wp-json\/wp\/v2\/media?parent=255686"}],"wp:term":[{"taxonomy":"category","embeddable":true,"href":"https:\/\/ugel04.gob.pe\/home\/wp-json\/wp\/v2\/categories?post=255686"},{"taxonomy":"post_tag","embeddable":true,"href":"https:\/\/ugel04.gob.pe\/home\/wp-json\/wp\/v2\/tags?post=255686"}],"curies":[{"name":"wp","href":"https:\/\/api.w.org\/{rel}","templated":true}]}}