{"id":255665,"date":"2024-04-24T09:50:55","date_gmt":"2024-04-24T14:50:55","guid":{"rendered":"https:\/\/ugel04.gob.pe\/home\/?p=255665"},"modified":"2024-04-24T09:51:07","modified_gmt":"2024-04-24T14:51:07","slug":"ie-2081-peru-suiza-celebra-dia-mundial-del-libro-y-del-derecho-de-autor","status":"publish","type":"post","link":"https:\/\/ugel04.gob.pe\/home\/ie-2081-peru-suiza-celebra-dia-mundial-del-libro-y-del-derecho-de-autor\/","title":{"rendered":"IE. 2081 PERU SUIZA CELEBRA D\u00cdA MUNDIAL DEL LIBRO Y DEL DERECHO DE AUTOR"},"content":{"rendered":"<p>[et_pb_section fb_built=\u00bb1&#8243; theme_builder_area=\u00bbpost_content\u00bb _builder_version=\u00bb4.25.0&#8243; _module_preset=\u00bbdefault\u00bb da_is_popup=\u00bboff\u00bb da_exit_intent=\u00bboff\u00bb da_has_close=\u00bbon\u00bb da_alt_close=\u00bboff\u00bb da_dark_close=\u00bboff\u00bb da_not_modal=\u00bbon\u00bb da_is_singular=\u00bboff\u00bb da_with_loader=\u00bboff\u00bb da_has_shadow=\u00bbon\u00bb da_disable_devices=\u00bboff|off|off\u00bb][et_pb_row _builder_version=\u00bb4.25.0&#8243; _module_preset=\u00bbdefault\u00bb theme_builder_area=\u00bbpost_content\u00bb][et_pb_column _builder_version=\u00bb4.25.0&#8243; _module_preset=\u00bbdefault\u00bb type=\u00bb4_4&#8243; theme_builder_area=\u00bbpost_content\u00bb][et_pb_text _builder_version=\u00bb4.25.0&#8243; _module_preset=\u00bbdefault\u00bb theme_builder_area=\u00bbpost_content\u00bb hover_enabled=\u00bb0&#8243; sticky_enabled=\u00bb0&#8243;]<\/p>\n<p><strong>En el marco del D\u00eda Mundial del Libro y del Derecho de Autor, la comunidad educativa de la IE. 2081 Per\u00fa Suiza del distrito de Puente Piedra, llev\u00f3 a cabo diversas actividades centradas en la promoci\u00f3n de la lectura y el teatro, en la cual destac\u00f3 la creatividad, el arte y el amor por la literatura de parte de los estudiantes y docentes.<\/strong><\/p>\n<p>Al evento asisti\u00f3 la directora de UGEL \u00a004, Nelly Cunza, el regidor de Puente Piedra, Israel Ulfe y el jefe de AGEBRE, Johnny Ventura, quienes elogiaron el esfuerzo y la dedicaci\u00f3n de todos los involucrados en la celebraci\u00f3n.<\/p>\n<p>La jornada comenz\u00f3 con la presentaci\u00f3n de Creaci\u00f3n Colectiva Teatral, donde estudiantes de diferentes grados se unieron para ofrecer una interpretaci\u00f3n art\u00edstica conmovedora, bajo la direcci\u00f3n del municipio escolar y coordinada por el auxiliar de biblioteca, Carlos Palacios.<\/p>\n<p>Siguiendo con las presentaciones, el ex alumno Jes\u00fas Palacios cautiv\u00f3 a la audiencia con una sesi\u00f3n de cuentacuentos, presentando \u00abEl Coraz\u00f3n Delator\u00bb, una obra de Edgar Allan Poe.<\/p>\n<p>La celebraci\u00f3n continu\u00f3 con un desfile aleg\u00f3rico y una fiesta de libros vivientes, donde estudiantes de primaria, secundaria y educaci\u00f3n b\u00e1sica especial se transformaron en personajes de sus libros favoritos, dando vida a las p\u00e1ginas con entusiasmo y dedicaci\u00f3n.<\/p>\n<p>La participaci\u00f3n activa de directivos, docentes, estudiantes y padres de familia fue fundamental para el \u00e9xito del evento, demostrando el compromiso con la promoci\u00f3n de la cultura y la educaci\u00f3n.<\/p>\n<p>[\/et_pb_text][\/et_pb_column][\/et_pb_row][\/et_pb_section]<\/p>\n","protected":false},"excerpt":{"rendered":"<p>En el marco del D\u00eda Mundial del Libro y del Derecho de Autor, la comunidad educativa de la IE. 2081 Per\u00fa Suiza del distrito de Puente Piedra, llev\u00f3 a cabo [&hellip;]<\/p>\n","protected":false},"author":1,"featured_media":255666,"comment_status":"closed","ping_status":"closed","sticky":false,"template":"","format":"standard","meta":{"_et_pb_use_builder":"on","_et_pb_old_content":"","_et_gb_content_width":"1080","footnotes":""},"categories":[10],"tags":[],"class_list":["post-255665","post","type-post","status-publish","format-standard","has-post-thumbnail","hentry","category-noticias"],"_links":{"self":[{"href":"https:\/\/ugel04.gob.pe\/home\/wp-json\/wp\/v2\/posts\/255665","targetHints":{"allow":["GET"]}}],"collection":[{"href":"https:\/\/ugel04.gob.pe\/home\/wp-json\/wp\/v2\/posts"}],"about":[{"href":"https:\/\/ugel04.gob.pe\/home\/wp-json\/wp\/v2\/types\/post"}],"author":[{"embeddable":true,"href":"https:\/\/ugel04.gob.pe\/home\/wp-json\/wp\/v2\/users\/1"}],"replies":[{"embeddable":true,"href":"https:\/\/ugel04.gob.pe\/home\/wp-json\/wp\/v2\/comments?post=255665"}],"version-history":[{"count":2,"href":"https:\/\/ugel04.gob.pe\/home\/wp-json\/wp\/v2\/posts\/255665\/revisions"}],"predecessor-version":[{"id":255668,"href":"https:\/\/ugel04.gob.pe\/home\/wp-json\/wp\/v2\/posts\/255665\/revisions\/255668"}],"wp:featuredmedia":[{"embeddable":true,"href":"https:\/\/ugel04.gob.pe\/home\/wp-json\/wp\/v2\/media\/255666"}],"wp:attachment":[{"href":"https:\/\/ugel04.gob.pe\/home\/wp-json\/wp\/v2\/media?parent=255665"}],"wp:term":[{"taxonomy":"category","embeddable":true,"href":"https:\/\/ugel04.gob.pe\/home\/wp-json\/wp\/v2\/categories?post=255665"},{"taxonomy":"post_tag","embeddable":true,"href":"https:\/\/ugel04.gob.pe\/home\/wp-json\/wp\/v2\/tags?post=255665"}],"curies":[{"name":"wp","href":"https:\/\/api.w.org\/{rel}","templated":true}]}}