{"id":255650,"date":"2024-04-22T11:48:06","date_gmt":"2024-04-22T16:48:06","guid":{"rendered":"https:\/\/ugel04.gob.pe\/home\/?p=255650"},"modified":"2024-04-22T11:48:21","modified_gmt":"2024-04-22T16:48:21","slug":"apoteosica-celebracion-del-19-aniversario-de-los-ceba","status":"publish","type":"post","link":"https:\/\/ugel04.gob.pe\/home\/apoteosica-celebracion-del-19-aniversario-de-los-ceba\/","title":{"rendered":"APOTE\u00d3SICA CELEBRACI\u00d3N DEL 19 ANIVERSARIO DE LOS CEBA"},"content":{"rendered":"<p>[et_pb_section fb_built=\u00bb1&#8243; theme_builder_area=\u00bbpost_content\u00bb _builder_version=\u00bb4.25.0&#8243; _module_preset=\u00bbdefault\u00bb da_is_popup=\u00bboff\u00bb da_exit_intent=\u00bboff\u00bb da_has_close=\u00bbon\u00bb da_alt_close=\u00bboff\u00bb da_dark_close=\u00bboff\u00bb da_not_modal=\u00bbon\u00bb da_is_singular=\u00bboff\u00bb da_with_loader=\u00bboff\u00bb da_has_shadow=\u00bbon\u00bb da_disable_devices=\u00bboff|off|off\u00bb][et_pb_row _builder_version=\u00bb4.25.0&#8243; _module_preset=\u00bbdefault\u00bb theme_builder_area=\u00bbpost_content\u00bb][et_pb_column _builder_version=\u00bb4.25.0&#8243; _module_preset=\u00bbdefault\u00bb type=\u00bb4_4&#8243; theme_builder_area=\u00bbpost_content\u00bb][et_pb_text _builder_version=\u00bb4.25.0&#8243; _module_preset=\u00bbdefault\u00bb theme_builder_area=\u00bbpost_content\u00bb hover_enabled=\u00bb0&#8243; sticky_enabled=\u00bb0&#8243;]<\/p>\n<p>Durante dos d\u00edas consecutivos, los diversos CEBA de los distritos de Puente Piedra, Santa Rosa, Anc\u00f3n, Carabayllo y Comas se unieron para celebrar los 19 a\u00f1os de creaci\u00f3n de la modalidad educativa de Educaci\u00f3n B\u00e1sica Alternativa, mediante la realizaci\u00f3n de coloridos pasacalles y presentaciones de danzas festivas, protagonizados por sus estudiantes.<\/p>\n<p>Durante la primera jornada, la directora de la UGEL 04 Nelly Cunza Pr\u00edncipe, expres\u00f3 su reconocimiento a los docentes de los CEBA, resaltando la labor de aquellos que asumen funciones en las sedes perif\u00e9ricas ubicadas en las zonas aisladas de nuestra jurisdicci\u00f3n.<\/p>\n<p>\u00abFelicito p\u00fablicamente a mis colegas por su invaluable labor, la ense\u00f1anza en las \u00e1reas donde se ubican los perif\u00e9ricos acerca el servicio pedag\u00f3gico a las personas con mayor necesidad. Tambi\u00e9n, felicito enormemente a los estudiantes por su perseverancia, les invoco a seguir prepar\u00e1ndose, estudiando y completando su educaci\u00f3n b\u00e1sica. Esta bella modalidad educativa debe continuar fortaleci\u00e9ndose, para ello seguiremos trabajando con esmero desde nuestra entidad\u00bb, refiri\u00f3 la titular de la UGEL 04.<\/p>\n<p>En el segundo d\u00eda de celebraci\u00f3n, el alcalde de Comas, Ulises Villegas, se uni\u00f3 al evento para conmemorar esta importante fecha y destacar en su discurso, la labor trascendental de los CEBA.<\/p>\n<p>En este contexto, reafirm\u00f3 el compromiso de su gobierno edil en apoyar la educaci\u00f3n inclusiva y de calidad para todos los ciudadanos, especialmente de aquellos que enfrentan desaf\u00edos particulares para acceder a la educaci\u00f3n.<\/p>\n<p>Cabe destacar, la presencia del profesor Roberto Zevallos, jefe del \u00c1rea de Gesti\u00f3n B\u00e1sica Alternativa y T\u00e9cnico Productiva (AGEBATP), as\u00ed como de los especialistas de la modalidad, docentes y estudiantes, durante ambas jornadas celebratorias.<\/p>\n<p>Los Centros de Educaci\u00f3n B\u00e1sica Alternativa de la UGEL 04 contin\u00faan con el compromiso de brindar una educaci\u00f3n inclusiva y de calidad, que responda a las necesidades y potencialidades de cada estudiante.<\/p>\n<p>[\/et_pb_text][\/et_pb_column][\/et_pb_row][\/et_pb_section]<\/p>\n","protected":false},"excerpt":{"rendered":"<p>Durante dos d\u00edas consecutivos, los diversos CEBA de los distritos de Puente Piedra, Santa Rosa, Anc\u00f3n, Carabayllo y Comas se unieron para celebrar los 19 a\u00f1os de creaci\u00f3n de la [&hellip;]<\/p>\n","protected":false},"author":1,"featured_media":255649,"comment_status":"closed","ping_status":"closed","sticky":false,"template":"","format":"standard","meta":{"_et_pb_use_builder":"on","_et_pb_old_content":"","_et_gb_content_width":"1080","footnotes":""},"categories":[10],"tags":[],"class_list":["post-255650","post","type-post","status-publish","format-standard","has-post-thumbnail","hentry","category-noticias"],"_links":{"self":[{"href":"https:\/\/ugel04.gob.pe\/home\/wp-json\/wp\/v2\/posts\/255650","targetHints":{"allow":["GET"]}}],"collection":[{"href":"https:\/\/ugel04.gob.pe\/home\/wp-json\/wp\/v2\/posts"}],"about":[{"href":"https:\/\/ugel04.gob.pe\/home\/wp-json\/wp\/v2\/types\/post"}],"author":[{"embeddable":true,"href":"https:\/\/ugel04.gob.pe\/home\/wp-json\/wp\/v2\/users\/1"}],"replies":[{"embeddable":true,"href":"https:\/\/ugel04.gob.pe\/home\/wp-json\/wp\/v2\/comments?post=255650"}],"version-history":[{"count":2,"href":"https:\/\/ugel04.gob.pe\/home\/wp-json\/wp\/v2\/posts\/255650\/revisions"}],"predecessor-version":[{"id":255652,"href":"https:\/\/ugel04.gob.pe\/home\/wp-json\/wp\/v2\/posts\/255650\/revisions\/255652"}],"wp:featuredmedia":[{"embeddable":true,"href":"https:\/\/ugel04.gob.pe\/home\/wp-json\/wp\/v2\/media\/255649"}],"wp:attachment":[{"href":"https:\/\/ugel04.gob.pe\/home\/wp-json\/wp\/v2\/media?parent=255650"}],"wp:term":[{"taxonomy":"category","embeddable":true,"href":"https:\/\/ugel04.gob.pe\/home\/wp-json\/wp\/v2\/categories?post=255650"},{"taxonomy":"post_tag","embeddable":true,"href":"https:\/\/ugel04.gob.pe\/home\/wp-json\/wp\/v2\/tags?post=255650"}],"curies":[{"name":"wp","href":"https:\/\/api.w.org\/{rel}","templated":true}]}}