{"id":255585,"date":"2024-04-18T14:44:43","date_gmt":"2024-04-18T19:44:43","guid":{"rendered":"https:\/\/ugel04.gob.pe\/home\/?p=255585"},"modified":"2024-04-18T14:44:51","modified_gmt":"2024-04-18T19:44:51","slug":"continua-desarrollo-de-diplomado-para-directivos-de-ii-ee-publicas","status":"publish","type":"post","link":"https:\/\/ugel04.gob.pe\/home\/continua-desarrollo-de-diplomado-para-directivos-de-ii-ee-publicas\/","title":{"rendered":"CONTINUA DESARROLLO DE DIPLOMADO PARA DIRECTIVOS DE II.EE. P\u00daBLICAS"},"content":{"rendered":"<p>[et_pb_section fb_built=\u00bb1&#8243; theme_builder_area=\u00bbpost_content\u00bb _builder_version=\u00bb4.24.3&#8243; _module_preset=\u00bbdefault\u00bb da_is_popup=\u00bboff\u00bb da_exit_intent=\u00bboff\u00bb da_has_close=\u00bbon\u00bb da_alt_close=\u00bboff\u00bb da_dark_close=\u00bboff\u00bb da_not_modal=\u00bbon\u00bb da_is_singular=\u00bboff\u00bb da_with_loader=\u00bboff\u00bb da_has_shadow=\u00bbon\u00bb da_disable_devices=\u00bboff|off|off\u00bb][et_pb_row _builder_version=\u00bb4.24.3&#8243; _module_preset=\u00bbdefault\u00bb theme_builder_area=\u00bbpost_content\u00bb][et_pb_column _builder_version=\u00bb4.24.3&#8243; _module_preset=\u00bbdefault\u00bb type=\u00bb4_4&#8243; theme_builder_area=\u00bbpost_content\u00bb][et_pb_text _builder_version=\u00bb4.24.3&#8243; _module_preset=\u00bbdefault\u00bb theme_builder_area=\u00bbpost_content\u00bb hover_enabled=\u00bb0&#8243; sticky_enabled=\u00bb0&#8243;]<\/p>\n<p>Con el fin de lograr fortalecer las competencias profesionales de los directivos de nuestras IIEE p\u00fablicas, en relaci\u00f3n a la gesti\u00f3n institucional y la pr\u00e1ctica pedag\u00f3gica, la UGEL 04 contin\u00faa desarrollando el Programa de Fortalecimiento Docente 2024, en la sede de Los Olivos de la Universidad C\u00e9sar Vallejo.<\/p>\n<p>En este contexto, directores y subdirectores del nivel inicial, primaria y secundaria de EBR, EBE y EBA, recibieron orientaciones en temas de planificaci\u00f3n curricular, acompa\u00f1adas de din\u00e1micas grupales y la utilizaci\u00f3n de materiales pedag\u00f3gicos.<\/p>\n<p>Cabe destacar que, la metodolog\u00eda empleada es colaborativa, participativa y activa, puesto que se busca enfatizar el liderazgo pedag\u00f3gico, para que los directivos puedan llegar a impulsar pr\u00e1cticas innovadoras, potenciar el aprendizaje de los estudiantes y facilitar el desarrollo profesional contin\u00fao.<\/p>\n<p>Durante el desarrollo de la capacitaci\u00f3n estuvo presente el jefe de AGEBRE, Johnny Ventura, qui\u00e9n visit\u00f3 las aulas acad\u00e9micas para se\u00f1alar la importancia del liderazgo pedag\u00f3gico en maestros, y como es que este permite afrontar ciertos desaf\u00edos, necesidades y expectativas de los estudiantes.<\/p>\n<p>Como se sabe, el programa continuar\u00e1 desarroll\u00e1ndose hasta el mes de noviembre, de manera semipresencial, con capacitaciones realizadas por especialistas de la UGEL 04, seg\u00fan el nivel (inicial, primaria o secundaria) y con diez m\u00f3dulos de aprendizaje, al t\u00e9rmino del cual, obtendr\u00e1n un diploma en liderazgo pedag\u00f3gico y gesti\u00f3n escolar.<\/p>\n<p>[\/et_pb_text][\/et_pb_column][\/et_pb_row][\/et_pb_section]<\/p>\n","protected":false},"excerpt":{"rendered":"<p>Con el fin de lograr fortalecer las competencias profesionales de los directivos de nuestras IIEE p\u00fablicas, en relaci\u00f3n a la gesti\u00f3n institucional y la pr\u00e1ctica pedag\u00f3gica, la UGEL 04 contin\u00faa [&hellip;]<\/p>\n","protected":false},"author":1,"featured_media":255586,"comment_status":"closed","ping_status":"closed","sticky":false,"template":"","format":"standard","meta":{"_et_pb_use_builder":"on","_et_pb_old_content":"","_et_gb_content_width":"1080","footnotes":""},"categories":[10],"tags":[],"class_list":["post-255585","post","type-post","status-publish","format-standard","has-post-thumbnail","hentry","category-noticias"],"_links":{"self":[{"href":"https:\/\/ugel04.gob.pe\/home\/wp-json\/wp\/v2\/posts\/255585","targetHints":{"allow":["GET"]}}],"collection":[{"href":"https:\/\/ugel04.gob.pe\/home\/wp-json\/wp\/v2\/posts"}],"about":[{"href":"https:\/\/ugel04.gob.pe\/home\/wp-json\/wp\/v2\/types\/post"}],"author":[{"embeddable":true,"href":"https:\/\/ugel04.gob.pe\/home\/wp-json\/wp\/v2\/users\/1"}],"replies":[{"embeddable":true,"href":"https:\/\/ugel04.gob.pe\/home\/wp-json\/wp\/v2\/comments?post=255585"}],"version-history":[{"count":2,"href":"https:\/\/ugel04.gob.pe\/home\/wp-json\/wp\/v2\/posts\/255585\/revisions"}],"predecessor-version":[{"id":255588,"href":"https:\/\/ugel04.gob.pe\/home\/wp-json\/wp\/v2\/posts\/255585\/revisions\/255588"}],"wp:featuredmedia":[{"embeddable":true,"href":"https:\/\/ugel04.gob.pe\/home\/wp-json\/wp\/v2\/media\/255586"}],"wp:attachment":[{"href":"https:\/\/ugel04.gob.pe\/home\/wp-json\/wp\/v2\/media?parent=255585"}],"wp:term":[{"taxonomy":"category","embeddable":true,"href":"https:\/\/ugel04.gob.pe\/home\/wp-json\/wp\/v2\/categories?post=255585"},{"taxonomy":"post_tag","embeddable":true,"href":"https:\/\/ugel04.gob.pe\/home\/wp-json\/wp\/v2\/tags?post=255585"}],"curies":[{"name":"wp","href":"https:\/\/api.w.org\/{rel}","templated":true}]}}