{"id":255579,"date":"2024-04-17T14:19:31","date_gmt":"2024-04-17T19:19:31","guid":{"rendered":"https:\/\/ugel04.gob.pe\/home\/?p=255579"},"modified":"2024-04-17T14:19:43","modified_gmt":"2024-04-17T19:19:43","slug":"se-inaugura-cerco-perimetrico-de-cetpro-el-progreso-ii-sector-en-comas","status":"publish","type":"post","link":"https:\/\/ugel04.gob.pe\/home\/se-inaugura-cerco-perimetrico-de-cetpro-el-progreso-ii-sector-en-comas\/","title":{"rendered":"SE INAUGURA CERCO PERIM\u00c9TRICO DE CETPRO EL PROGRESO II SECTOR EN COMAS"},"content":{"rendered":"<p>[et_pb_section fb_built=\u00bb1&#8243; theme_builder_area=\u00bbpost_content\u00bb _builder_version=\u00bb4.24.3&#8243; _module_preset=\u00bbdefault\u00bb da_is_popup=\u00bboff\u00bb da_exit_intent=\u00bboff\u00bb da_has_close=\u00bbon\u00bb da_alt_close=\u00bboff\u00bb da_dark_close=\u00bboff\u00bb da_not_modal=\u00bbon\u00bb da_is_singular=\u00bboff\u00bb da_with_loader=\u00bboff\u00bb da_has_shadow=\u00bbon\u00bb da_disable_devices=\u00bboff|off|off\u00bb][et_pb_row _builder_version=\u00bb4.24.3&#8243; _module_preset=\u00bbdefault\u00bb theme_builder_area=\u00bbpost_content\u00bb][et_pb_column _builder_version=\u00bb4.24.3&#8243; _module_preset=\u00bbdefault\u00bb type=\u00bb4_4&#8243; theme_builder_area=\u00bbpost_content\u00bb][et_pb_text _builder_version=\u00bb4.24.3&#8243; _module_preset=\u00bbdefault\u00bb theme_builder_area=\u00bbpost_content\u00bb hover_enabled=\u00bb0&#8243; sticky_enabled=\u00bb0&#8243;]<\/p>\n<p>Continuando con las acciones destinadas a brindar espacios c\u00f3modos y seguros en nuestra jurisdicci\u00f3n educativa, la directora de la UGEL 04, Nelly Cunza, inaugur\u00f3 el cerco perim\u00e9trico del CETPRO el Progreso II Sector en el distrito de Comas, la cual tiene una extensi\u00f3n de 257.83 metros lineales.<\/p>\n<p>La colocaci\u00f3n de los muros de concreto no solo ampl\u00eda el terreno que anteriormente estaba vac\u00edo y descampado, sino tambi\u00e9n, extiende la capacidad de atenci\u00f3n del centro, reforzando el sistema de seguridad de la comunidad educativa y resguardando tanto a sus integrantes, como a los materiales y equipos del plantel.<\/p>\n<p>El terreno, ahora transformado con muros de concreto prefabricado, fue supervisado por la directora de la UGEL, quien manifest\u00f3 su satisfacci\u00f3n debido a que el CETPRO podr\u00e1 albergar a m\u00e1s j\u00f3venes y adultos interesados en cursar estudios t\u00e9cnicos.<\/p>\n<p>Por su parte, el jefe de AGEBATP Roberto Zevallos, quien estuvo presente en el acto inaugural, destac\u00f3 la gesti\u00f3n que viene desarrollando la UGEL 04 a favor de los 14 CETPROS de la jurisdicci\u00f3n, as\u00ed como, el trabajo conjunto realizado con la directora del CETPRO el Progreso II, Genoveva Mari\u00f1o, resaltando el impacto positivo que los muros han tenido, facilitando su crecimiento y ampliaci\u00f3n.<\/p>\n<p>Cabe destacar la presencia del regidor de Comas, Hersel Aguilar, quien a nombre de su comuna se comprometi\u00f3 a donar la pintura para embellecer el cerco perim\u00e9trico y hacerla m\u00e1s atractiva.<\/p>\n<p>Es importante resaltar que, los Centros de Educaci\u00f3n T\u00e9cnico-Productiva (CETPRO) est\u00e1n dirigidos a personas que, por motivos econ\u00f3micos, no han podido ingresar a la universidad o instituto. Estos centros atienden a adolescentes, j\u00f3venes, adultos y personas con necesidades educativas, brind\u00e1ndoles la oportunidad de ingresar al mercado laboral o emprender por cuenta propia.<\/p>\n<p>Finalmente, los estudiantes que completen sus estudios en los CETPRO recibir\u00e1n t\u00edtulos emitidos por el Ministerio de Educaci\u00f3n, lo que aumenta el reconocimiento y la valoraci\u00f3n social de su formaci\u00f3n.<\/p>\n<p>[\/et_pb_text][\/et_pb_column][\/et_pb_row][\/et_pb_section]<\/p>\n","protected":false},"excerpt":{"rendered":"<p>Continuando con las acciones destinadas a brindar espacios c\u00f3modos y seguros en nuestra jurisdicci\u00f3n educativa, la directora de la UGEL 04, Nelly Cunza, inaugur\u00f3 el cerco perim\u00e9trico del CETPRO el [&hellip;]<\/p>\n","protected":false},"author":1,"featured_media":255580,"comment_status":"closed","ping_status":"closed","sticky":false,"template":"","format":"standard","meta":{"_et_pb_use_builder":"on","_et_pb_old_content":"","_et_gb_content_width":"1080","footnotes":""},"categories":[10],"tags":[],"class_list":["post-255579","post","type-post","status-publish","format-standard","has-post-thumbnail","hentry","category-noticias"],"_links":{"self":[{"href":"https:\/\/ugel04.gob.pe\/home\/wp-json\/wp\/v2\/posts\/255579","targetHints":{"allow":["GET"]}}],"collection":[{"href":"https:\/\/ugel04.gob.pe\/home\/wp-json\/wp\/v2\/posts"}],"about":[{"href":"https:\/\/ugel04.gob.pe\/home\/wp-json\/wp\/v2\/types\/post"}],"author":[{"embeddable":true,"href":"https:\/\/ugel04.gob.pe\/home\/wp-json\/wp\/v2\/users\/1"}],"replies":[{"embeddable":true,"href":"https:\/\/ugel04.gob.pe\/home\/wp-json\/wp\/v2\/comments?post=255579"}],"version-history":[{"count":2,"href":"https:\/\/ugel04.gob.pe\/home\/wp-json\/wp\/v2\/posts\/255579\/revisions"}],"predecessor-version":[{"id":255582,"href":"https:\/\/ugel04.gob.pe\/home\/wp-json\/wp\/v2\/posts\/255579\/revisions\/255582"}],"wp:featuredmedia":[{"embeddable":true,"href":"https:\/\/ugel04.gob.pe\/home\/wp-json\/wp\/v2\/media\/255580"}],"wp:attachment":[{"href":"https:\/\/ugel04.gob.pe\/home\/wp-json\/wp\/v2\/media?parent=255579"}],"wp:term":[{"taxonomy":"category","embeddable":true,"href":"https:\/\/ugel04.gob.pe\/home\/wp-json\/wp\/v2\/categories?post=255579"},{"taxonomy":"post_tag","embeddable":true,"href":"https:\/\/ugel04.gob.pe\/home\/wp-json\/wp\/v2\/tags?post=255579"}],"curies":[{"name":"wp","href":"https:\/\/api.w.org\/{rel}","templated":true}]}}