{"id":255572,"date":"2024-04-17T09:10:03","date_gmt":"2024-04-17T14:10:03","guid":{"rendered":"https:\/\/ugel04.gob.pe\/home\/?p=255572"},"modified":"2024-04-17T09:15:08","modified_gmt":"2024-04-17T14:15:08","slug":"se-inauguran-cercos-perimetricos-en-12-ii-ee-de-nuestra-jurisdiccion","status":"publish","type":"post","link":"https:\/\/ugel04.gob.pe\/home\/se-inauguran-cercos-perimetricos-en-12-ii-ee-de-nuestra-jurisdiccion\/","title":{"rendered":"SE INAUGURAN CERCOS PERIM\u00c9TRICOS EN 12 II.EE. DE NUESTRA JURISDICCI\u00d3N"},"content":{"rendered":"<p>[et_pb_section fb_built=\u00bb1&#8243; theme_builder_area=\u00bbpost_content\u00bb _builder_version=\u00bb4.24.3&#8243; _module_preset=\u00bbdefault\u00bb da_is_popup=\u00bboff\u00bb da_exit_intent=\u00bboff\u00bb da_has_close=\u00bbon\u00bb da_alt_close=\u00bboff\u00bb da_dark_close=\u00bboff\u00bb da_not_modal=\u00bbon\u00bb da_is_singular=\u00bboff\u00bb da_with_loader=\u00bboff\u00bb da_has_shadow=\u00bbon\u00bb da_disable_devices=\u00bboff|off|off\u00bb][et_pb_row _builder_version=\u00bb4.24.3&#8243; _module_preset=\u00bbdefault\u00bb theme_builder_area=\u00bbpost_content\u00bb][et_pb_column _builder_version=\u00bb4.24.3&#8243; _module_preset=\u00bbdefault\u00bb type=\u00bb4_4&#8243; theme_builder_area=\u00bbpost_content\u00bb][et_pb_text _builder_version=\u00bb4.24.3&#8243; _module_preset=\u00bbdefault\u00bb theme_builder_area=\u00bbpost_content\u00bb hover_enabled=\u00bb0&#8243; sticky_enabled=\u00bb0&#8243;]<\/p>\n<p>La directora de la UGEL 04, Nelly Cunza Pr\u00edncipe, viene inaugurando en lo que va transcurrido el a\u00f1o 2024 cercos perim\u00e9tricos con muros de concreto en doce instituciones educativas p\u00fablicas, incluyendo un CETPRO, con la finalidad de brindar mayor seguridad y protecci\u00f3n a los integrantes de nuestra comunidad educativa, as\u00ed como, a los materiales y bienes que se guardan en los planteles.<\/p>\n<p>Durante la supervisi\u00f3n de los muros de material noble, la directora destac\u00f3 la transformaci\u00f3n que estos cercos brindan a los colegios, no solo en el tema de la seguridad, sino porque adem\u00e1s, proporcionan una mejor visi\u00f3n de las escuelas, al exhibir las fachadas mejoradas y pintadas.<\/p>\n<p>Cabe se\u00f1alar que, la inversi\u00f3n para la construcci\u00f3n e instalaci\u00f3n de los cercos, fue realizada con recursos propios de la UGEL 04, contando con el apoyo de entidades aliadas como los gobiernos locales de los distritos adscritos a nuestra jurisdicci\u00f3n, los cuales siempre se han mostrado dispuestos a contribuir a la mejora de las condiciones educativas en esta parte de Lima Norte.<\/p>\n<p>Por otro lado, es importante mencionar que durante todo el presente a\u00f1o se seguir\u00e1 trabajando en conjunto con los directivos de los colegios a fin de lograr la instalaci\u00f3n de los servicios b\u00e1sicos como agua, luz y alcantarillado, para garantizar la salubridad de los integrantes de nuestra comunidad educativa<\/p>\n<p>Las instituciones beneficiadas con la instalaci\u00f3n de cerco perim\u00e9trico son:<\/p>\n<p><img loading=\"lazy\" decoding=\"async\" src=\"https:\/\/ugel04.gob.pe\/home\/wp-content\/uploads\/2024\/04\/tablita-300x209.jpg\" width=\"1033\" height=\"720\" alt=\"\" class=\"wp-image-255576 alignnone size-medium\" srcset=\"https:\/\/ugel04.gob.pe\/home\/wp-content\/uploads\/2024\/04\/tablita-300x209.jpg 1033w, https:\/\/ugel04.gob.pe\/home\/wp-content\/uploads\/2024\/04\/tablita-480x334.jpg 480w\" sizes=\"(min-width: 0px) and (max-width: 480px) 480px, (min-width: 481px) 1033px, 100vw\" \/><\/p>\n<p>&nbsp;<\/p>\n<p>&nbsp;<\/p>\n<p>[\/et_pb_text][\/et_pb_column][\/et_pb_row][\/et_pb_section]<\/p>\n","protected":false},"excerpt":{"rendered":"<p>La directora de la UGEL 04, Nelly Cunza Pr\u00edncipe, viene inaugurando en lo que va transcurrido el a\u00f1o 2024 cercos perim\u00e9tricos con muros de concreto en doce instituciones educativas p\u00fablicas, [&hellip;]<\/p>\n","protected":false},"author":1,"featured_media":255573,"comment_status":"closed","ping_status":"closed","sticky":false,"template":"","format":"standard","meta":{"_et_pb_use_builder":"on","_et_pb_old_content":"","_et_gb_content_width":"1080","footnotes":""},"categories":[10],"tags":[],"class_list":["post-255572","post","type-post","status-publish","format-standard","has-post-thumbnail","hentry","category-noticias"],"_links":{"self":[{"href":"https:\/\/ugel04.gob.pe\/home\/wp-json\/wp\/v2\/posts\/255572","targetHints":{"allow":["GET"]}}],"collection":[{"href":"https:\/\/ugel04.gob.pe\/home\/wp-json\/wp\/v2\/posts"}],"about":[{"href":"https:\/\/ugel04.gob.pe\/home\/wp-json\/wp\/v2\/types\/post"}],"author":[{"embeddable":true,"href":"https:\/\/ugel04.gob.pe\/home\/wp-json\/wp\/v2\/users\/1"}],"replies":[{"embeddable":true,"href":"https:\/\/ugel04.gob.pe\/home\/wp-json\/wp\/v2\/comments?post=255572"}],"version-history":[{"count":3,"href":"https:\/\/ugel04.gob.pe\/home\/wp-json\/wp\/v2\/posts\/255572\/revisions"}],"predecessor-version":[{"id":255578,"href":"https:\/\/ugel04.gob.pe\/home\/wp-json\/wp\/v2\/posts\/255572\/revisions\/255578"}],"wp:featuredmedia":[{"embeddable":true,"href":"https:\/\/ugel04.gob.pe\/home\/wp-json\/wp\/v2\/media\/255573"}],"wp:attachment":[{"href":"https:\/\/ugel04.gob.pe\/home\/wp-json\/wp\/v2\/media?parent=255572"}],"wp:term":[{"taxonomy":"category","embeddable":true,"href":"https:\/\/ugel04.gob.pe\/home\/wp-json\/wp\/v2\/categories?post=255572"},{"taxonomy":"post_tag","embeddable":true,"href":"https:\/\/ugel04.gob.pe\/home\/wp-json\/wp\/v2\/tags?post=255572"}],"curies":[{"name":"wp","href":"https:\/\/api.w.org\/{rel}","templated":true}]}}