{"id":255562,"date":"2024-04-16T15:06:45","date_gmt":"2024-04-16T20:06:45","guid":{"rendered":"https:\/\/ugel04.gob.pe\/home\/?p=255562"},"modified":"2024-04-16T15:07:18","modified_gmt":"2024-04-16T20:07:18","slug":"se-inaugura-cerco-perimetrico-en-anexo-de-ie-2050-republica-de-argentina-en-carabayllo","status":"publish","type":"post","link":"https:\/\/ugel04.gob.pe\/home\/se-inaugura-cerco-perimetrico-en-anexo-de-ie-2050-republica-de-argentina-en-carabayllo\/","title":{"rendered":"SE INAUGURA CERCO PERIM\u00c9TRICO EN ANEXO DE IE 2050 REP\u00daBLICA DE ARGENTINA EN CARABAYLLO"},"content":{"rendered":"<p>[et_pb_section fb_built=\u00bb1&#8243; theme_builder_area=\u00bbpost_content\u00bb _builder_version=\u00bb4.24.3&#8243; _module_preset=\u00bbdefault\u00bb da_is_popup=\u00bboff\u00bb da_exit_intent=\u00bboff\u00bb da_has_close=\u00bbon\u00bb da_alt_close=\u00bboff\u00bb da_dark_close=\u00bboff\u00bb da_not_modal=\u00bbon\u00bb da_is_singular=\u00bboff\u00bb da_with_loader=\u00bboff\u00bb da_has_shadow=\u00bbon\u00bb da_disable_devices=\u00bboff|off|off\u00bb][et_pb_row _builder_version=\u00bb4.24.3&#8243; _module_preset=\u00bbdefault\u00bb theme_builder_area=\u00bbpost_content\u00bb][et_pb_column _builder_version=\u00bb4.24.3&#8243; _module_preset=\u00bbdefault\u00bb type=\u00bb4_4&#8243; theme_builder_area=\u00bbpost_content\u00bb][et_pb_text _builder_version=\u00bb4.24.3&#8243; _module_preset=\u00bbdefault\u00bb theme_builder_area=\u00bbpost_content\u00bb hover_enabled=\u00bb0&#8243; sticky_enabled=\u00bb0&#8243;]<\/p>\n<p>Ante el j\u00fabilo de la comunidad educativa presente, la directora de la UGEL 04, Nelly Cunza Pr\u00edncipe, inaugur\u00f3 el cerco perim\u00e9trico del anexo de la IE 2050 Rep\u00fablica de Argentina, ubicada en el distrito de Carabayllo, que comprende un terreno de m\u00e1s de 3,500 metros cuadrados, en el cual se brindar\u00e1 educaci\u00f3n a m\u00e1s alumnos de la zona, ampliado as\u00ed el nivel de atenci\u00f3n de este colegio fundado en 1876.<\/p>\n<p>El contorno perim\u00e9trico comprende 257.83 metros lineales de cerco construido con muros de concreto, el cual permitir\u00e1 resguardar el terreno, las instalaciones, los bienes y los materiales correspondientes a la escuela que se ira construyendo paulatinamente.<\/p>\n<p>En el discurso previo al acto inaugural, Nelly Cunza felicit\u00f3 a la directora, docentes y especialmente a los padres de familia, quienes pintaron los muros, creando un ambiente acogedor; as\u00ed como tambi\u00e9n, por haber colaborado en la construcci\u00f3n del port\u00f3n del nuevo colegio.<\/p>\n<p>A este trascendental evento, acudieron la directora de la UGEL 04, Nelly Cuza Pr\u00edncipe, el jefe de ASGESE Willy V\u00e1squez, la directora del colegio Carolina Ponce, docentes, estudiantes y padres de familia, quienes muy emocionados destacaron y agradecieron la gesti\u00f3n de la directora de nuestra entidad.<\/p>\n<p>La instalaci\u00f3n de este cerco no solo mejora la seguridad de la instituci\u00f3n, sino que tambi\u00e9n ampl\u00eda las oportunidades de educaci\u00f3n para m\u00e1s estudiantes que residen en los lugares aleda\u00f1os, as\u00ed como para aquellos provenientes de otras zonas.<\/p>\n<p>&nbsp;<\/p>\n<p>[\/et_pb_text][\/et_pb_column][\/et_pb_row][\/et_pb_section]<\/p>\n","protected":false},"excerpt":{"rendered":"<p>Ante el j\u00fabilo de la comunidad educativa presente, la directora de la UGEL 04, Nelly Cunza Pr\u00edncipe, inaugur\u00f3 el cerco perim\u00e9trico del anexo de la IE 2050 Rep\u00fablica de Argentina, [&hellip;]<\/p>\n","protected":false},"author":1,"featured_media":255563,"comment_status":"closed","ping_status":"closed","sticky":false,"template":"","format":"standard","meta":{"_et_pb_use_builder":"on","_et_pb_old_content":"","_et_gb_content_width":"1080","footnotes":""},"categories":[10],"tags":[],"class_list":["post-255562","post","type-post","status-publish","format-standard","has-post-thumbnail","hentry","category-noticias"],"_links":{"self":[{"href":"https:\/\/ugel04.gob.pe\/home\/wp-json\/wp\/v2\/posts\/255562","targetHints":{"allow":["GET"]}}],"collection":[{"href":"https:\/\/ugel04.gob.pe\/home\/wp-json\/wp\/v2\/posts"}],"about":[{"href":"https:\/\/ugel04.gob.pe\/home\/wp-json\/wp\/v2\/types\/post"}],"author":[{"embeddable":true,"href":"https:\/\/ugel04.gob.pe\/home\/wp-json\/wp\/v2\/users\/1"}],"replies":[{"embeddable":true,"href":"https:\/\/ugel04.gob.pe\/home\/wp-json\/wp\/v2\/comments?post=255562"}],"version-history":[{"count":2,"href":"https:\/\/ugel04.gob.pe\/home\/wp-json\/wp\/v2\/posts\/255562\/revisions"}],"predecessor-version":[{"id":255565,"href":"https:\/\/ugel04.gob.pe\/home\/wp-json\/wp\/v2\/posts\/255562\/revisions\/255565"}],"wp:featuredmedia":[{"embeddable":true,"href":"https:\/\/ugel04.gob.pe\/home\/wp-json\/wp\/v2\/media\/255563"}],"wp:attachment":[{"href":"https:\/\/ugel04.gob.pe\/home\/wp-json\/wp\/v2\/media?parent=255562"}],"wp:term":[{"taxonomy":"category","embeddable":true,"href":"https:\/\/ugel04.gob.pe\/home\/wp-json\/wp\/v2\/categories?post=255562"},{"taxonomy":"post_tag","embeddable":true,"href":"https:\/\/ugel04.gob.pe\/home\/wp-json\/wp\/v2\/tags?post=255562"}],"curies":[{"name":"wp","href":"https:\/\/api.w.org\/{rel}","templated":true}]}}