{"id":255513,"date":"2024-04-11T18:08:58","date_gmt":"2024-04-11T23:08:58","guid":{"rendered":"https:\/\/ugel04.gob.pe\/home\/?p=255513"},"modified":"2024-04-11T18:12:33","modified_gmt":"2024-04-11T23:12:33","slug":"se-recupera-terreno-de-3-mil-metros-donde-funcionara-iei-pasitos-al-saber-i-en-carabayllo","status":"publish","type":"post","link":"https:\/\/ugel04.gob.pe\/home\/se-recupera-terreno-de-3-mil-metros-donde-funcionara-iei-pasitos-al-saber-i-en-carabayllo\/","title":{"rendered":"SE RECUPERA TERRENO DE 3 MIL METROS, DONDE FUNCIONAR\u00c1 IEI \u201cPASITOS AL SABER I\u201d EN CARABAYLLO"},"content":{"rendered":"\n[et_pb_section fb_built=\u00bb1&#8243; theme_builder_area=\u00bbpost_content\u00bb _builder_version=\u00bb4.24.3&#8243; _module_preset=\u00bbdefault\u00bb da_is_popup=\u00bboff\u00bb da_exit_intent=\u00bboff\u00bb da_has_close=\u00bbon\u00bb da_alt_close=\u00bboff\u00bb da_dark_close=\u00bboff\u00bb da_not_modal=\u00bbon\u00bb da_is_singular=\u00bboff\u00bb da_with_loader=\u00bboff\u00bb da_has_shadow=\u00bbon\u00bb da_disable_devices=\u00bboff|off|off\u00bb][et_pb_row _builder_version=\u00bb4.24.3&#8243; _module_preset=\u00bbdefault\u00bb theme_builder_area=\u00bbpost_content\u00bb][et_pb_column _builder_version=\u00bb4.24.3&#8243; _module_preset=\u00bbdefault\u00bb type=\u00bb4_4&#8243; theme_builder_area=\u00bbpost_content\u00bb][et_pb_text _builder_version=\u00bb4.24.3&#8243; _module_preset=\u00bbdefault\u00bb theme_builder_area=\u00bbpost_content\u00bb hover_enabled=\u00bb0&#8243; sticky_enabled=\u00bb0&#8243;]<p>Gracias a la diligente labor conjunta con la Procuradur\u00eda P\u00fablica del Ministerio de Educaci\u00f3n, la UGEL 04 logr\u00f3 la recuperaci\u00f3n de un terreno de 3,705 metros cuadrados, ubicado en la Mz S7, Lte 15, Jr. Santos Chocano, Urb. San Antonio de Carabayllo, en el distrito de Carabayllo, propiedad del Estado, para ser designado como sede de la IEI Pasitos al Saber I, el cual atiende en la actualidad a un centenar de estudiantes en un predio prestado.<\/p>\n<p>La recuperaci\u00f3n extrajudicial del terreno -declarado aporte reglamentario a favor del Minedu de parte de la urbanizadora-, que era usado por terceras personas como zona de recreaci\u00f3n -campo de fulbito-, se hizo con el apoyo de la polic\u00eda nacional, en presencia de la directora Nelly Cunza Pr\u00edncipe, personal del \u00c1rea de Administraci\u00f3n de la UGEL 04 y la participaci\u00f3n de los padres de familia de la IEI Pasitos del Saber, quienes ayudaron a instalar un cerco perim\u00e9trico provisional, para resguardar los linderos correspondientes.<\/p>\n<p>Asimismo, se procedi\u00f3 a colocar un panel publicitario, con datos del jard\u00edn de inicial p\u00fablico, para identificaci\u00f3n y conocimiento de los vecinos y la comunidad adyacente.<\/p>\n<p>Cabe destacar que, a partir de la fecha, el predio de m\u00e1s de tres mil metros cuadrados ha sido encargado a la directora de la IEI Pasitos al Saber, Rosa Salazar, a fin de que inicie las acciones que permita el pronto funcionamiento pedag\u00f3gico de esta escuela en beneficio de cientos de ni\u00f1os de 3 a 5 a\u00f1os que residen en el lugar.<\/p>[\/et_pb_text][\/et_pb_column][\/et_pb_row][\/et_pb_section]\n","protected":false},"excerpt":{"rendered":"<p>Gracias a la diligente labor conjunta con la Procuradur\u00eda P\u00fablica del Ministerio de Educaci\u00f3n, la UGEL 04 logr\u00f3 la recuperaci\u00f3n de un terreno de 3,705 metros cuadrados, ubicado en la [&hellip;]<\/p>\n","protected":false},"author":1,"featured_media":255516,"comment_status":"closed","ping_status":"closed","sticky":false,"template":"","format":"standard","meta":{"_et_pb_use_builder":"on","_et_pb_old_content":"","_et_gb_content_width":"1080","footnotes":""},"categories":[10],"tags":[],"class_list":["post-255513","post","type-post","status-publish","format-standard","has-post-thumbnail","hentry","category-noticias"],"_links":{"self":[{"href":"https:\/\/ugel04.gob.pe\/home\/wp-json\/wp\/v2\/posts\/255513","targetHints":{"allow":["GET"]}}],"collection":[{"href":"https:\/\/ugel04.gob.pe\/home\/wp-json\/wp\/v2\/posts"}],"about":[{"href":"https:\/\/ugel04.gob.pe\/home\/wp-json\/wp\/v2\/types\/post"}],"author":[{"embeddable":true,"href":"https:\/\/ugel04.gob.pe\/home\/wp-json\/wp\/v2\/users\/1"}],"replies":[{"embeddable":true,"href":"https:\/\/ugel04.gob.pe\/home\/wp-json\/wp\/v2\/comments?post=255513"}],"version-history":[{"count":3,"href":"https:\/\/ugel04.gob.pe\/home\/wp-json\/wp\/v2\/posts\/255513\/revisions"}],"predecessor-version":[{"id":255522,"href":"https:\/\/ugel04.gob.pe\/home\/wp-json\/wp\/v2\/posts\/255513\/revisions\/255522"}],"wp:featuredmedia":[{"embeddable":true,"href":"https:\/\/ugel04.gob.pe\/home\/wp-json\/wp\/v2\/media\/255516"}],"wp:attachment":[{"href":"https:\/\/ugel04.gob.pe\/home\/wp-json\/wp\/v2\/media?parent=255513"}],"wp:term":[{"taxonomy":"category","embeddable":true,"href":"https:\/\/ugel04.gob.pe\/home\/wp-json\/wp\/v2\/categories?post=255513"},{"taxonomy":"post_tag","embeddable":true,"href":"https:\/\/ugel04.gob.pe\/home\/wp-json\/wp\/v2\/tags?post=255513"}],"curies":[{"name":"wp","href":"https:\/\/api.w.org\/{rel}","templated":true}]}}