{"id":255395,"date":"2024-04-05T16:01:19","date_gmt":"2024-04-05T21:01:19","guid":{"rendered":"https:\/\/ugel04.gob.pe\/home\/?p=255395"},"modified":"2024-04-05T16:01:26","modified_gmt":"2024-04-05T21:01:26","slug":"justo-reconocimiento-a-directivos-designados-en-nuestras-ii-ee-ano-2024","status":"publish","type":"post","link":"https:\/\/ugel04.gob.pe\/home\/justo-reconocimiento-a-directivos-designados-en-nuestras-ii-ee-ano-2024\/","title":{"rendered":"JUSTO RECONOCIMIENTO A DIRECTIVOS DESIGNADOS EN NUESTRAS II.EE. A\u00d1O 2024"},"content":{"rendered":"<p>[et_pb_section fb_built=\u00bb1&#8243; theme_builder_area=\u00bbpost_content\u00bb _builder_version=\u00bb4.24.3&#8243; _module_preset=\u00bbdefault\u00bb da_is_popup=\u00bboff\u00bb da_exit_intent=\u00bboff\u00bb da_has_close=\u00bbon\u00bb da_alt_close=\u00bboff\u00bb da_dark_close=\u00bboff\u00bb da_not_modal=\u00bbon\u00bb da_is_singular=\u00bboff\u00bb da_with_loader=\u00bboff\u00bb da_has_shadow=\u00bbon\u00bb da_disable_devices=\u00bboff|off|off\u00bb][et_pb_row _builder_version=\u00bb4.24.3&#8243; _module_preset=\u00bbdefault\u00bb theme_builder_area=\u00bbpost_content\u00bb][et_pb_column _builder_version=\u00bb4.24.3&#8243; _module_preset=\u00bbdefault\u00bb type=\u00bb4_4&#8243; theme_builder_area=\u00bbpost_content\u00bb][et_pb_text _builder_version=\u00bb4.24.3&#8243; _module_preset=\u00bbdefault\u00bb theme_builder_area=\u00bbpost_content\u00bb hover_enabled=\u00bb0&#8243; sticky_enabled=\u00bb0&#8243;]<\/p>\n<p>Como una justa retribuci\u00f3n al logro alcanzado, la UGEL 04 llev\u00f3 a cabo una ceremonia de reconocimiento a 238 directivos (directores y sub directores) que fueron designados para liderar las instituciones educativas p\u00fablicas de nuestra jurisdicci\u00f3n, a partir del presente 2024 y por un periodo de cuatro a\u00f1os consecutivos.<\/p>\n<p>Durante el emotivo acto desarrollado en el auditorio de la Municipalidad de Comas, la directora de la UGEL 04 Nelly Cunza Pr\u00edncipe y el alcalde del distrito anfitri\u00f3n, Ulises Villegas, realizaron la entrega de las Resoluciones Directorales de designaci\u00f3n correspondientes a los directivos, no sin antes, encomendarles la tarea de gestionar de manera eficiente la educaci\u00f3n en sus respectivas escuelas.<\/p>\n<p>En este contexto, Nelly Cunza expres\u00f3 su aprecio y consideraci\u00f3n a los directivos presentes por asumir esta gran tarea tras un riguroso proceso de evaluaci\u00f3n, en el que compitieron m\u00e1s de 1800 postulantes.<\/p>\n<p>\u201cLa selecci\u00f3n de ustedes ha sido exhaustiva y tit\u00e1nica, por eso su designaci\u00f3n nos genera mucha esperanza. Les encomendamos el desarrollo de las II.EE. en marco de la estrategia Escuela de la Confianza, con la certeza de que har\u00e1n florecer sus colegios siendo proactivos y eficaces. Juntos tenemos la tarea de cumplir el compromiso de ubicar a nuestro sistema educativo en el primer lugar de Lima Metropolitana. Estoy segura que as\u00ed ser\u00e1\u201d, manifest\u00f3 la directora de la UGEL 04.<\/p>\n<p>Por su parte el alcalde Ulises Villegas, reiter\u00f3 su compromiso de trabajar conjuntamente con nuestra entidad para fortalecer la condiciones escolares en Comas y en todo Lima Norte; y en ese sentido, invoc\u00f3 el apoyo de los directivos de la escuelas para generar confianza en la colectividad, el cual les entrega la gran responsabilidad de educar y formar a sus hijos, \u201ccuiden a nuestros hijos e hijas, porque su desarrollo depende en gran parte de los docentes y de ustedes como l\u00edderes de los colegios\u201d, enfatiz\u00f3.<\/p>\n<p>Cabe recordar que los directivos que participaron en el presente reconocimiento, asumieron funciones el 1 de marzo del 2024, siendo designados por un periodo de cuatro a\u00f1os, en los diversos niveles y modalidades educativos; tras un arduo proceso de selecci\u00f3n y evaluaci\u00f3n realizado en el a\u00f1o 2023, como parte de las acciones que desarrolla el Ministerio de Educaci\u00f3n en marco del Buen Desempe\u00f1o Docente de la Carrera P\u00fablica Magisterial.<\/p>\n<p>[\/et_pb_text][\/et_pb_column][\/et_pb_row][\/et_pb_section]<\/p>\n","protected":false},"excerpt":{"rendered":"<p>Como una justa retribuci\u00f3n al logro alcanzado, la UGEL 04 llev\u00f3 a cabo una ceremonia de reconocimiento a 238 directivos (directores y sub directores) que fueron designados para liderar las [&hellip;]<\/p>\n","protected":false},"author":1,"featured_media":255396,"comment_status":"closed","ping_status":"closed","sticky":false,"template":"","format":"standard","meta":{"_et_pb_use_builder":"on","_et_pb_old_content":"","_et_gb_content_width":"1080","footnotes":""},"categories":[10],"tags":[],"class_list":["post-255395","post","type-post","status-publish","format-standard","has-post-thumbnail","hentry","category-noticias"],"_links":{"self":[{"href":"https:\/\/ugel04.gob.pe\/home\/wp-json\/wp\/v2\/posts\/255395","targetHints":{"allow":["GET"]}}],"collection":[{"href":"https:\/\/ugel04.gob.pe\/home\/wp-json\/wp\/v2\/posts"}],"about":[{"href":"https:\/\/ugel04.gob.pe\/home\/wp-json\/wp\/v2\/types\/post"}],"author":[{"embeddable":true,"href":"https:\/\/ugel04.gob.pe\/home\/wp-json\/wp\/v2\/users\/1"}],"replies":[{"embeddable":true,"href":"https:\/\/ugel04.gob.pe\/home\/wp-json\/wp\/v2\/comments?post=255395"}],"version-history":[{"count":2,"href":"https:\/\/ugel04.gob.pe\/home\/wp-json\/wp\/v2\/posts\/255395\/revisions"}],"predecessor-version":[{"id":255398,"href":"https:\/\/ugel04.gob.pe\/home\/wp-json\/wp\/v2\/posts\/255395\/revisions\/255398"}],"wp:featuredmedia":[{"embeddable":true,"href":"https:\/\/ugel04.gob.pe\/home\/wp-json\/wp\/v2\/media\/255396"}],"wp:attachment":[{"href":"https:\/\/ugel04.gob.pe\/home\/wp-json\/wp\/v2\/media?parent=255395"}],"wp:term":[{"taxonomy":"category","embeddable":true,"href":"https:\/\/ugel04.gob.pe\/home\/wp-json\/wp\/v2\/categories?post=255395"},{"taxonomy":"post_tag","embeddable":true,"href":"https:\/\/ugel04.gob.pe\/home\/wp-json\/wp\/v2\/tags?post=255395"}],"curies":[{"name":"wp","href":"https:\/\/api.w.org\/{rel}","templated":true}]}}