{"id":255345,"date":"2024-03-27T12:39:01","date_gmt":"2024-03-27T17:39:01","guid":{"rendered":"https:\/\/ugel04.gob.pe\/home\/?p=255345"},"modified":"2024-03-27T12:39:19","modified_gmt":"2024-03-27T17:39:19","slug":"nuevo-periferico-ceba-inicia-clases-en-santa-rosa","status":"publish","type":"post","link":"https:\/\/ugel04.gob.pe\/home\/nuevo-periferico-ceba-inicia-clases-en-santa-rosa\/","title":{"rendered":"NUEVO PERIF\u00c9RICO CEBA INICIA CLASES EN SANTA ROSA"},"content":{"rendered":"<p>[et_pb_section fb_built=\u00bb1&#8243; theme_builder_area=\u00bbpost_content\u00bb _builder_version=\u00bb4.24.2&#8243; _module_preset=\u00bbdefault\u00bb da_is_popup=\u00bboff\u00bb da_exit_intent=\u00bboff\u00bb da_has_close=\u00bbon\u00bb da_alt_close=\u00bboff\u00bb da_dark_close=\u00bboff\u00bb da_not_modal=\u00bbon\u00bb da_is_singular=\u00bboff\u00bb da_with_loader=\u00bboff\u00bb da_has_shadow=\u00bbon\u00bb da_disable_devices=\u00bboff|off|off\u00bb][et_pb_row _builder_version=\u00bb4.24.2&#8243; _module_preset=\u00bbdefault\u00bb theme_builder_area=\u00bbpost_content\u00bb][et_pb_column _builder_version=\u00bb4.24.2&#8243; _module_preset=\u00bbdefault\u00bb type=\u00bb4_4&#8243; theme_builder_area=\u00bbpost_content\u00bb][et_pb_text _builder_version=\u00bb4.24.2&#8243; _module_preset=\u00bbdefault\u00bb theme_builder_area=\u00bbpost_content\u00bb hover_enabled=\u00bb0&#8243; sticky_enabled=\u00bb0&#8243;]<\/p>\n<p>En el marco de las acciones destinadas a garantizar la inserci\u00f3n en el sistema educativo de todas las personas que la necesitan, la UGEL 04 abri\u00f3 las puertas de una nueva sede para la Educaci\u00f3n B\u00e1sica Alternativa, ubicada en la zona del Golf del distrito de Santa Rosa, en donde se impartir\u00e1n ense\u00f1anzas a estudiantes mayores de 14 a\u00f1os, en el nivel avanzado, es decir de 1\u00ba a 4\u00ba a\u00f1o de secundaria.<\/p>\n<p>Se trata del perif\u00e9rico \u201cRosario Cassana\u201d, que funcionar\u00e1 como anexo del CEBA General\u00edsimo Jos\u00e9 de San Mart\u00edn (Anc\u00f3n), bajo la direcci\u00f3n del prof. Jorge V\u00edlchez, teniendo designadas a dos maestras para todo el periodo lectivo 2024.<\/p>\n<p>En este contexto, el jefe de AGEBATP Roberto Zevallos, acudi\u00f3 al lugar en representaci\u00f3n de nuestra directora Nelly Cunza Pr\u00edncipe, para dar apertura del a\u00f1o acad\u00e9mico, expresar palabras de aliento a los estudiantes matriculados e invitar a la comunidad aleda\u00f1a a aprovechar esta oportunidad educativa.<\/p>\n<p>\u201cDesde la UGEL 04 venimos trabajando intensamente para lograr que la educaci\u00f3n alcance a toda la poblaci\u00f3n. Este perif\u00e9rico de educaci\u00f3n alternativa es prueba de ello, por eso invoco a los vecinos de Santa Rosa y adyacentes, quienes por diversos motivos no pudieron concluir sus estudios de forma regular, a matricularse y recibir los aprendizajes que les permita mayores oportunidades en la sociedad\u201d, se\u00f1al\u00f3 Zevallos.<\/p>\n<p>Asimismo, el representante de la UGEL 04 destac\u00f3 el apoyo de la comunidad del Golf Santa Rosa, para consolidar el funcionamiento de este perif\u00e9rico, mediante algunas gestiones administrativas y sobre todo, por la cesi\u00f3n de su local comunal construido con material noble por Foncodes, en cuyos ambientes se impartir\u00e1n las clases.<\/p>\n<p>Cabe resaltar que, durante la ceremonia de apertura del a\u00f1o lectivo, estuvieron presentes representantes de la Municipalidad Distrital de Santa Rosa, cuyo Gerente de Desarrollo Social, H\u00e9ctor Espinoza, se comprometi\u00f3 a apoyar el crecimiento del perif\u00e9rico educativo, mediante la propaganda de los servicios que en el se brindan.<\/p>\n<p><strong>Oportunidad a tomar en cuenta<\/strong><\/p>\n<p>Invitamos a la comunidad educativa y p\u00fablico en general a difundir la apertura de este nuevo Centro de Educaci\u00f3n B\u00e1sica Alternativa en el distrito de Santa Rosa.<\/p>\n<p>Si tienes m\u00e1s de 14 a\u00f1os y quieres terminar tu educaci\u00f3n primaria o secundaria, ac\u00e9rcate al plantel ubicado en el Golf Santa Rosa (Lugar: Ex Pronoei o costado del dep\u00f3sito de la Contralor\u00eda) y\/o comun\u00edcate con los representantes de la comunidad: J\u00e9ssica Gamero, Tlf. 999 192 345 \/ Sarina Rodr\u00edguez, Tlf. 959 222 330. La matr\u00edcula y las clases son gratuitas.<\/p>\n<p>[\/et_pb_text][\/et_pb_column][\/et_pb_row][\/et_pb_section]<\/p>\n","protected":false},"excerpt":{"rendered":"<p>En el marco de las acciones destinadas a garantizar la inserci\u00f3n en el sistema educativo de todas las personas que la necesitan, la UGEL 04 abri\u00f3 las puertas de una [&hellip;]<\/p>\n","protected":false},"author":1,"featured_media":255346,"comment_status":"closed","ping_status":"closed","sticky":false,"template":"","format":"standard","meta":{"_et_pb_use_builder":"on","_et_pb_old_content":"","_et_gb_content_width":"1080","footnotes":""},"categories":[10],"tags":[],"class_list":["post-255345","post","type-post","status-publish","format-standard","has-post-thumbnail","hentry","category-noticias"],"_links":{"self":[{"href":"https:\/\/ugel04.gob.pe\/home\/wp-json\/wp\/v2\/posts\/255345","targetHints":{"allow":["GET"]}}],"collection":[{"href":"https:\/\/ugel04.gob.pe\/home\/wp-json\/wp\/v2\/posts"}],"about":[{"href":"https:\/\/ugel04.gob.pe\/home\/wp-json\/wp\/v2\/types\/post"}],"author":[{"embeddable":true,"href":"https:\/\/ugel04.gob.pe\/home\/wp-json\/wp\/v2\/users\/1"}],"replies":[{"embeddable":true,"href":"https:\/\/ugel04.gob.pe\/home\/wp-json\/wp\/v2\/comments?post=255345"}],"version-history":[{"count":2,"href":"https:\/\/ugel04.gob.pe\/home\/wp-json\/wp\/v2\/posts\/255345\/revisions"}],"predecessor-version":[{"id":255348,"href":"https:\/\/ugel04.gob.pe\/home\/wp-json\/wp\/v2\/posts\/255345\/revisions\/255348"}],"wp:featuredmedia":[{"embeddable":true,"href":"https:\/\/ugel04.gob.pe\/home\/wp-json\/wp\/v2\/media\/255346"}],"wp:attachment":[{"href":"https:\/\/ugel04.gob.pe\/home\/wp-json\/wp\/v2\/media?parent=255345"}],"wp:term":[{"taxonomy":"category","embeddable":true,"href":"https:\/\/ugel04.gob.pe\/home\/wp-json\/wp\/v2\/categories?post=255345"},{"taxonomy":"post_tag","embeddable":true,"href":"https:\/\/ugel04.gob.pe\/home\/wp-json\/wp\/v2\/tags?post=255345"}],"curies":[{"name":"wp","href":"https:\/\/api.w.org\/{rel}","templated":true}]}}