{"id":255329,"date":"2024-03-26T10:30:57","date_gmt":"2024-03-26T15:30:57","guid":{"rendered":"https:\/\/ugel04.gob.pe\/home\/?p=255329"},"modified":"2024-03-26T10:31:04","modified_gmt":"2024-03-26T15:31:04","slug":"en-ambiente-emotivo-se-inicia-ano-escolar-de-programa-mamitas","status":"publish","type":"post","link":"https:\/\/ugel04.gob.pe\/home\/en-ambiente-emotivo-se-inicia-ano-escolar-de-programa-mamitas\/","title":{"rendered":"EN AMBIENTE EMOTIVO SE INICIA A\u00d1O ESCOLAR DE PROGRAMA MAMITAS"},"content":{"rendered":"<p>[et_pb_section fb_built=\u00bb1&#8243; theme_builder_area=\u00bbpost_content\u00bb _builder_version=\u00bb4.24.2&#8243; _module_preset=\u00bbdefault\u00bb da_is_popup=\u00bboff\u00bb da_exit_intent=\u00bboff\u00bb da_has_close=\u00bbon\u00bb da_alt_close=\u00bboff\u00bb da_dark_close=\u00bboff\u00bb da_not_modal=\u00bbon\u00bb da_is_singular=\u00bboff\u00bb da_with_loader=\u00bboff\u00bb da_has_shadow=\u00bbon\u00bb da_disable_devices=\u00bboff|off|off\u00bb][et_pb_row _builder_version=\u00bb4.24.2&#8243; _module_preset=\u00bbdefault\u00bb theme_builder_area=\u00bbpost_content\u00bb][et_pb_column _builder_version=\u00bb4.24.2&#8243; _module_preset=\u00bbdefault\u00bb type=\u00bb4_4&#8243; theme_builder_area=\u00bbpost_content\u00bb][et_pb_text _builder_version=\u00bb4.24.2&#8243; _module_preset=\u00bbdefault\u00bb theme_builder_area=\u00bbpost_content\u00bb hover_enabled=\u00bb0&#8243; sticky_enabled=\u00bb0&#8243;]<\/p>\n<p>Con una emotiva ceremonia, se realiz\u00f3 la apertura del a\u00f1o escolar 2024 de las madres adolescentes beneficiarias del Programa Mamitas, pertenecientes al perif\u00e9rico CEBA Estados Unidos ubicado en la sede de la IEP Johannes Gutenberg de Comas; con presencia de representantes de la UGEL 04, directivos de la escuela y del Programa de Desarrollo Infantil Gutenberg (instituci\u00f3n aliada encargada del cuidado de los hijos de las estudiantes participantes).<\/p>\n<p>Durante la actividad protocolar, el jefe de AGEBATP Roberto Zevallos, quien asisti\u00f3 en representaci\u00f3n de la directora de la UGEL 04, Nelly Cunza Pr\u00edncipe, felicit\u00f3 a las adolescentes beneficiarias por su inter\u00e9s en continuar sus estudios y a su vez, invoc\u00f3 a concluir con lo iniciado, aprovechando esta oportunidad que les brinda el Ministerio de Educaci\u00f3n para lograr sus objetivos de desarrollo en la sociedad.<\/p>\n<p>Asimismo, anunci\u00f3 que gracias a la gesti\u00f3n de nuestra entidad, el programa Mamitas se ha convertido a partir del presente a\u00f1o en una estrategia permanente, \u201cya no ser\u00e1 m\u00e1s un programa temporal, porque desde este a\u00f1o contamos con dos plazas org\u00e1nicas para profesores. Lo que significa que el programa Mamitas continuar\u00e1 indefinidamente para seguir beneficiando a m\u00e1s madres j\u00f3venes que deseen concluir sus estudios b\u00e1sicos\u201d, refiri\u00f3 Zevallos.<\/p>\n<p>A su turno, tanto el director del CEBA Estados Unidos, Fidel Villanueva como la directora del Programa de Desarrollo Infantil (PDI) Johannes Gutenberg, Erika Matta, manifestaron su decisi\u00f3n de apoyar permanentemente a las estudiantes, a fin de contribuir con la culminaci\u00f3n del presente a\u00f1o lectivo de manera satisfactoria.<\/p>\n<p>Cabe se\u00f1alar que, el proyecto Mamitas permite a las madres adolescentes beneficiarias culminar sus estudios, asistiendo a clases de manera presencial a las aulas de la IE Johannes Gutenberg de Comas (la cual es una sede perif\u00e9rica o anexo del CEBA Estados Unidos de Comas); en tanto, ellas participan en las clases, sus hijos son atendidos en salas de estimulaci\u00f3n por docentes especializadas en el cuidado infantil pertenecientes al PDI Gutenberg.<\/p>\n<p><strong>A tomar en cuenta<\/strong><\/p>\n<p>El proyecto \u201cMamitas\u201d es una intervenci\u00f3n social con el prop\u00f3sito de mejorar las condiciones de vida de las adolescentes madres y sus hijos; para el efecto, se enfoca en tres \u00e1reas principales: la reinserci\u00f3n educativa de las madres adolescentes mediante acuerdos con centros educativos alternativos, el monitoreo educativo para fortalecer el crecimiento y desarrollo de los hijos de estas adolescentes, y el acompa\u00f1amiento educativo infantil.<\/p>\n<p>[\/et_pb_text][\/et_pb_column][\/et_pb_row][\/et_pb_section]<\/p>\n","protected":false},"excerpt":{"rendered":"<p>Con una emotiva ceremonia, se realiz\u00f3 la apertura del a\u00f1o escolar 2024 de las madres adolescentes beneficiarias del Programa Mamitas, pertenecientes al perif\u00e9rico CEBA Estados Unidos ubicado en la sede [&hellip;]<\/p>\n","protected":false},"author":1,"featured_media":255330,"comment_status":"closed","ping_status":"closed","sticky":false,"template":"","format":"standard","meta":{"_et_pb_use_builder":"on","_et_pb_old_content":"","_et_gb_content_width":"1080","footnotes":""},"categories":[10],"tags":[],"class_list":["post-255329","post","type-post","status-publish","format-standard","has-post-thumbnail","hentry","category-noticias"],"_links":{"self":[{"href":"https:\/\/ugel04.gob.pe\/home\/wp-json\/wp\/v2\/posts\/255329","targetHints":{"allow":["GET"]}}],"collection":[{"href":"https:\/\/ugel04.gob.pe\/home\/wp-json\/wp\/v2\/posts"}],"about":[{"href":"https:\/\/ugel04.gob.pe\/home\/wp-json\/wp\/v2\/types\/post"}],"author":[{"embeddable":true,"href":"https:\/\/ugel04.gob.pe\/home\/wp-json\/wp\/v2\/users\/1"}],"replies":[{"embeddable":true,"href":"https:\/\/ugel04.gob.pe\/home\/wp-json\/wp\/v2\/comments?post=255329"}],"version-history":[{"count":2,"href":"https:\/\/ugel04.gob.pe\/home\/wp-json\/wp\/v2\/posts\/255329\/revisions"}],"predecessor-version":[{"id":255332,"href":"https:\/\/ugel04.gob.pe\/home\/wp-json\/wp\/v2\/posts\/255329\/revisions\/255332"}],"wp:featuredmedia":[{"embeddable":true,"href":"https:\/\/ugel04.gob.pe\/home\/wp-json\/wp\/v2\/media\/255330"}],"wp:attachment":[{"href":"https:\/\/ugel04.gob.pe\/home\/wp-json\/wp\/v2\/media?parent=255329"}],"wp:term":[{"taxonomy":"category","embeddable":true,"href":"https:\/\/ugel04.gob.pe\/home\/wp-json\/wp\/v2\/categories?post=255329"},{"taxonomy":"post_tag","embeddable":true,"href":"https:\/\/ugel04.gob.pe\/home\/wp-json\/wp\/v2\/tags?post=255329"}],"curies":[{"name":"wp","href":"https:\/\/api.w.org\/{rel}","templated":true}]}}