{"id":255317,"date":"2024-03-22T11:59:10","date_gmt":"2024-03-22T16:59:10","guid":{"rendered":"https:\/\/ugel04.gob.pe\/home\/?p=255317"},"modified":"2024-03-22T11:59:26","modified_gmt":"2024-03-22T16:59:26","slug":"iei-rio-seco-inaugura-modernos-ss-hh-construidos-por-empresa-agua-azul","status":"publish","type":"post","link":"https:\/\/ugel04.gob.pe\/home\/iei-rio-seco-inaugura-modernos-ss-hh-construidos-por-empresa-agua-azul\/","title":{"rendered":"IEI R\u00cdO SECO INAUGURA MODERNOS SS.HH. CONSTRUIDOS POR EMPRESA AGUA AZUL"},"content":{"rendered":"<p>[et_pb_section fb_built=\u00bb1&#8243; theme_builder_area=\u00bbpost_content\u00bb _builder_version=\u00bb4.24.2&#8243; _module_preset=\u00bbdefault\u00bb da_is_popup=\u00bboff\u00bb da_exit_intent=\u00bboff\u00bb da_has_close=\u00bbon\u00bb da_alt_close=\u00bboff\u00bb da_dark_close=\u00bboff\u00bb da_not_modal=\u00bbon\u00bb da_is_singular=\u00bboff\u00bb da_with_loader=\u00bboff\u00bb da_has_shadow=\u00bbon\u00bb da_disable_devices=\u00bboff|off|off\u00bb][et_pb_row _builder_version=\u00bb4.24.2&#8243; _module_preset=\u00bbdefault\u00bb theme_builder_area=\u00bbpost_content\u00bb][et_pb_column _builder_version=\u00bb4.24.2&#8243; _module_preset=\u00bbdefault\u00bb type=\u00bb4_4&#8243; theme_builder_area=\u00bbpost_content\u00bb][et_pb_text _builder_version=\u00bb4.24.2&#8243; _module_preset=\u00bbdefault\u00bb theme_builder_area=\u00bbpost_content\u00bb hover_enabled=\u00bb0&#8243; sticky_enabled=\u00bb0&#8243;]<\/p>\n<p>En una emotiva ceremonia que cont\u00f3 con la participaci\u00f3n de la directora de la UGEL 04, Nelly Cunza Pr\u00edncipe, se llev\u00f3 a cabo la inauguraci\u00f3n de los nuevos servicios higi\u00e9nicos para docentes y estudiantes del nivel inicial en la IEI R<span>\u00ed<\/span>o Seco<span> ubicada en <\/span><span>Carabayllo<\/span>; una obra financiada por el consorcio Agua Azul S.A, empresa que se dedica a la producci\u00f3n de agua potable para SEDAPAL.<\/p>\n<p><span>E<\/span>stas nuevas instalaciones, construidas por Agua Azul S.A. representan el compromiso <span>de la empresa privada <\/span>con la <span>educaci\u00f3n, especialmente con la <\/span>I<span>EI<\/span><span>\u00a0R\u00edo Seco, ubicada en el Km. 52 de la carretera Lima \u2013 <\/span><span>Canta, contribuyendo de esta manera a <\/span>la protecci\u00f3n de la salud, la seguridad y el bienestar tanto de los estudiantes como de los maestros.<\/p>\n<p>La presencia de la directora<span> de la UGEL 04<\/span>, <span>en compa\u00f1<\/span><span>\u00eda de <\/span>estudiantes<span>, padres<\/span> y madres de familia, enfatiz\u00f3 la importancia de esta mejora para la comunidad escolar<span>.<\/span><\/p>\n<p><span>En este contexto, Nelly Cunza <\/span>expres<span>\u00f3<\/span> su agradecimiento al consorcio Agua Azul por su compromiso continuo con la mejora de las instalaciones <span>de diversas <\/span><span>escuelas del <\/span><span>distrito de <\/span>Carabayllo<span>, las cuales se ubican en su rad<\/span><span>io de acci\u00f3n cercana<\/span>.<\/p>\n<p>Los nuevos servicios higi\u00e9nicos c<span>onstan <\/span><span>de <\/span>ba\u00f1os separados para hombres y mujeres, <span>tanto para estudiantes como para los docentes<\/span>, <span>los mismos <\/span>que incluyen <span>modernos <\/span>inodoros, urinarios y lavamanos. Adem\u00e1s, cuentan con un tanque elevado que garantiza un suministro <span>permanente <\/span>de agua.<\/p>\n<p>[\/et_pb_text][\/et_pb_column][\/et_pb_row][\/et_pb_section]<\/p>\n","protected":false},"excerpt":{"rendered":"<p>En una emotiva ceremonia que cont\u00f3 con la participaci\u00f3n de la directora de la UGEL 04, Nelly Cunza Pr\u00edncipe, se llev\u00f3 a cabo la inauguraci\u00f3n de los nuevos servicios higi\u00e9nicos [&hellip;]<\/p>\n","protected":false},"author":1,"featured_media":255318,"comment_status":"closed","ping_status":"closed","sticky":false,"template":"","format":"standard","meta":{"_et_pb_use_builder":"on","_et_pb_old_content":"","_et_gb_content_width":"1080","footnotes":""},"categories":[10],"tags":[],"class_list":["post-255317","post","type-post","status-publish","format-standard","has-post-thumbnail","hentry","category-noticias"],"_links":{"self":[{"href":"https:\/\/ugel04.gob.pe\/home\/wp-json\/wp\/v2\/posts\/255317","targetHints":{"allow":["GET"]}}],"collection":[{"href":"https:\/\/ugel04.gob.pe\/home\/wp-json\/wp\/v2\/posts"}],"about":[{"href":"https:\/\/ugel04.gob.pe\/home\/wp-json\/wp\/v2\/types\/post"}],"author":[{"embeddable":true,"href":"https:\/\/ugel04.gob.pe\/home\/wp-json\/wp\/v2\/users\/1"}],"replies":[{"embeddable":true,"href":"https:\/\/ugel04.gob.pe\/home\/wp-json\/wp\/v2\/comments?post=255317"}],"version-history":[{"count":2,"href":"https:\/\/ugel04.gob.pe\/home\/wp-json\/wp\/v2\/posts\/255317\/revisions"}],"predecessor-version":[{"id":255320,"href":"https:\/\/ugel04.gob.pe\/home\/wp-json\/wp\/v2\/posts\/255317\/revisions\/255320"}],"wp:featuredmedia":[{"embeddable":true,"href":"https:\/\/ugel04.gob.pe\/home\/wp-json\/wp\/v2\/media\/255318"}],"wp:attachment":[{"href":"https:\/\/ugel04.gob.pe\/home\/wp-json\/wp\/v2\/media?parent=255317"}],"wp:term":[{"taxonomy":"category","embeddable":true,"href":"https:\/\/ugel04.gob.pe\/home\/wp-json\/wp\/v2\/categories?post=255317"},{"taxonomy":"post_tag","embeddable":true,"href":"https:\/\/ugel04.gob.pe\/home\/wp-json\/wp\/v2\/tags?post=255317"}],"curies":[{"name":"wp","href":"https:\/\/api.w.org\/{rel}","templated":true}]}}