{"id":254118,"date":"2023-11-03T09:41:42","date_gmt":"2023-11-03T14:41:42","guid":{"rendered":"https:\/\/ugel04.gob.pe\/home\/?p=254118"},"modified":"2023-11-03T09:53:42","modified_gmt":"2023-11-03T14:53:42","slug":"cetpro-e-instituto-de-ugel-04-participan-con-exito-en-feria-de-educacion-tecnologica-de-lima-generacion-tec","status":"publish","type":"post","link":"https:\/\/ugel04.gob.pe\/home\/cetpro-e-instituto-de-ugel-04-participan-con-exito-en-feria-de-educacion-tecnologica-de-lima-generacion-tec\/","title":{"rendered":"CETPRO E INSTITUTO DE UGEL 04 PARTICIPAN CON \u00c9XITO EN FERIA DE EDUCACI\u00d3N TECNOL\u00d3GICA DE LIMA \u201cGENERACI\u00d3N + TEC\u201d"},"content":{"rendered":"<p>[et_pb_section fb_built=\u00bb1&#8243; theme_builder_area=\u00bbpost_content\u00bb _builder_version=\u00bb4.23&#8243; _module_preset=\u00bbdefault\u00bb da_is_popup=\u00bboff\u00bb da_exit_intent=\u00bboff\u00bb da_has_close=\u00bbon\u00bb da_alt_close=\u00bboff\u00bb da_dark_close=\u00bboff\u00bb da_not_modal=\u00bbon\u00bb da_is_singular=\u00bboff\u00bb da_with_loader=\u00bboff\u00bb da_has_shadow=\u00bbon\u00bb da_disable_devices=\u00bboff|off|off\u00bb][et_pb_row _builder_version=\u00bb4.23&#8243; _module_preset=\u00bbdefault\u00bb theme_builder_area=\u00bbpost_content\u00bb][et_pb_column _builder_version=\u00bb4.23&#8243; _module_preset=\u00bbdefault\u00bb type=\u00bb4_4&#8243; theme_builder_area=\u00bbpost_content\u00bb][et_pb_text _builder_version=\u00bb4.23&#8243; _module_preset=\u00bbdefault\u00bb theme_builder_area=\u00bbpost_content\u00bb hover_enabled=\u00bb0&#8243; sticky_enabled=\u00bb0&#8243;]<\/p>\n<p>El CETPRO Juana Iris Cuadros Rivera y el IST Carlos Cueto Fernandini participan con marcada aceptaci\u00f3n por parte de los concurrentes, en la Feria Educativa Tecnol\u00f3gica FET 2023 \u00abGeneraci\u00f3n+TEC: nuestro momento es hoy\u00bb, organizado por la Direcci\u00f3n Regional de Lima Metropolitana (DRELM) con la finalidad de dar a conocer la oferta educativa de los institutos tecnol\u00f3gicos y pedag\u00f3gicos p\u00fablicos de Lima Metropolitana.<\/p>\n<p>Durante el evento que se desarrolla en el Parque La Muralla, en el Cercado de Lima, los d\u00edas 2, 3 y 4 de noviembre, el CETPRO Juana Cuadros de Puente Piedra y el IST Carlos Cueto de Comas, representantes de nuestra UGEL 04, vienen deslumbrando al p\u00fablico con exhibiciones de sus productos acad\u00e9micos en gastronom\u00eda y electricidad, despertando el inter\u00e9s de muchos visitantes que recaban informaci\u00f3n sobre los m\u00f3dulos que se imparten en estas casas de estudios.<\/p>\n<p>La feria cuenta con numerosos stands de diversos institutos tecnol\u00f3gicos y pedag\u00f3gicos p\u00fablicos de Lima metropolitana, as\u00ed como de la escuela de la Polic\u00eda Nacional.<\/p>\n<p>Cabe destacar, que esta actividad se desarrolla en el marco de la estrategia Escuela de la Confianza y con la perspectiva de generar posibilidades de articulaci\u00f3n entre la Educaci\u00f3n Secundaria y la Educaci\u00f3n Superior, contando con espacios e informaci\u00f3n que contribuir\u00e1n al desarrollo del proyecto de vida de los estudiantes.<\/p>\n<p>Asimismo, la exhibici\u00f3n permitir\u00e1 a los institutos y CETPROS de las siete UGEL presentar una amplia variedad de especialidades pedag\u00f3gicas que se imparten en sus aulas, desde reposter\u00eda, electr\u00f3nica, electricidad, contabilidad, rob\u00f3tica entre otros, mostrando las numerosas oportunidades que ofrece la educaci\u00f3n superior tecnol\u00f3gica p\u00fablica en la actualidad.<\/p>\n<p>Esta acci\u00f3n ser\u00e1 un valioso punto de encuentro para los j\u00f3venes que buscan opciones de formaci\u00f3n para su futuro laboral.<\/p>\n<p>[\/et_pb_text][\/et_pb_column][\/et_pb_row][\/et_pb_section]<\/p>\n","protected":false},"excerpt":{"rendered":"<p>El CETPRO Juana Iris Cuadros Rivera y el IST Carlos Cueto Fernandini participan con marcada aceptaci\u00f3n por parte de los concurrentes, en la Feria Educativa Tecnol\u00f3gica FET 2023 \u00abGeneraci\u00f3n+TEC: nuestro [&hellip;]<\/p>\n","protected":false},"author":1,"featured_media":254119,"comment_status":"closed","ping_status":"closed","sticky":false,"template":"","format":"standard","meta":{"_et_pb_use_builder":"on","_et_pb_old_content":"","_et_gb_content_width":"1080","footnotes":""},"categories":[10],"tags":[],"class_list":["post-254118","post","type-post","status-publish","format-standard","has-post-thumbnail","hentry","category-noticias"],"_links":{"self":[{"href":"https:\/\/ugel04.gob.pe\/home\/wp-json\/wp\/v2\/posts\/254118","targetHints":{"allow":["GET"]}}],"collection":[{"href":"https:\/\/ugel04.gob.pe\/home\/wp-json\/wp\/v2\/posts"}],"about":[{"href":"https:\/\/ugel04.gob.pe\/home\/wp-json\/wp\/v2\/types\/post"}],"author":[{"embeddable":true,"href":"https:\/\/ugel04.gob.pe\/home\/wp-json\/wp\/v2\/users\/1"}],"replies":[{"embeddable":true,"href":"https:\/\/ugel04.gob.pe\/home\/wp-json\/wp\/v2\/comments?post=254118"}],"version-history":[{"count":2,"href":"https:\/\/ugel04.gob.pe\/home\/wp-json\/wp\/v2\/posts\/254118\/revisions"}],"predecessor-version":[{"id":254121,"href":"https:\/\/ugel04.gob.pe\/home\/wp-json\/wp\/v2\/posts\/254118\/revisions\/254121"}],"wp:featuredmedia":[{"embeddable":true,"href":"https:\/\/ugel04.gob.pe\/home\/wp-json\/wp\/v2\/media\/254119"}],"wp:attachment":[{"href":"https:\/\/ugel04.gob.pe\/home\/wp-json\/wp\/v2\/media?parent=254118"}],"wp:term":[{"taxonomy":"category","embeddable":true,"href":"https:\/\/ugel04.gob.pe\/home\/wp-json\/wp\/v2\/categories?post=254118"},{"taxonomy":"post_tag","embeddable":true,"href":"https:\/\/ugel04.gob.pe\/home\/wp-json\/wp\/v2\/tags?post=254118"}],"curies":[{"name":"wp","href":"https:\/\/api.w.org\/{rel}","templated":true}]}}