{"id":242562,"date":"2023-05-15T20:11:00","date_gmt":"2023-05-15T20:11:00","guid":{"rendered":"https:\/\/ugel04.gob.pe\/home\/?p=242562"},"modified":"2023-07-27T20:12:35","modified_gmt":"2023-07-27T20:12:35","slug":"convocatoria-de-especialista-tecnico-para-el-fortalecimiento-de-los-sistemas-de-informacion-en-la-ugel-04-en-el-marco-del-programa-diversidad","status":"publish","type":"post","link":"https:\/\/ugel04.gob.pe\/home\/convocatoria-de-especialista-tecnico-para-el-fortalecimiento-de-los-sistemas-de-informacion-en-la-ugel-04-en-el-marco-del-programa-diversidad\/","title":{"rendered":"CONVOCATORIA DE ESPECIALISTA T\u00c9CNICO PARA EL FORTALECIMIENTO DE LOS SISTEMAS DE INFORMACI\u00d3N EN LA UGEL 04, EN EL MARCO DEL PROGRAMA + DIVERSIDAD"},"content":{"rendered":"<p>[et_pb_section fb_built=\u00bb1&#8243; theme_builder_area=\u00bbpost_content\u00bb _builder_version=\u00bb4.21.0&#8243; _module_preset=\u00bbdefault\u00bb][et_pb_row _builder_version=\u00bb4.21.0&#8243; _module_preset=\u00bbdefault\u00bb theme_builder_area=\u00bbpost_content\u00bb][et_pb_column _builder_version=\u00bb4.21.0&#8243; _module_preset=\u00bbdefault\u00bb type=\u00bb4_4&#8243; theme_builder_area=\u00bbpost_content\u00bb][et_pb_text _builder_version=\u00bb4.21.0&#8243; _module_preset=\u00bbdefault\u00bb theme_builder_area=\u00bbpost_content\u00bb hover_enabled=\u00bb0&#8243; sticky_enabled=\u00bb0&#8243;]<\/p>\n<p style=\"text-align: justify;\">CONVOCATORIA DE ESPECIALISTA T\u00c9CNICO PARA EL FORTALECIMIENTO DE LOS SISTEMAS DE INFORMACI\u00d3N EN LA UGEL 04, EN EL MARCO DEL PROGRAMA + DIVERSIDAD<\/p>\n<p style=\"text-align: justify;\"><em>Mayor informaci\u00f3n:<\/em><br \/><a href=\"https:\/\/redinfor.com.pe\/portal\/2023\/05\/11\/convocatoria-de-especialista-tecnico-para-el-fortalecimiento-de-los-sistemas-de-informacion-en-la-ugel-04-en-el-marco-del-programa-diversidad\/\">https:\/\/redinfor.com.pe\/portal\/2023\/05\/11\/convocatoria-de-especialista-tecnico-para-el-fortalecimiento-de-los-sistemas-de-informacion-en-la-ugel-04-en-el-marco-del-programa-diversidad\/<\/a> <\/p>\n<p>[\/et_pb_text][\/et_pb_column][\/et_pb_row][\/et_pb_section]<\/p>\n","protected":false},"excerpt":{"rendered":"<p>CONVOCATORIA DE ESPECIALISTA T\u00c9CNICO PARA EL FORTALECIMIENTO DE LOS SISTEMAS DE INFORMACI\u00d3N EN LA UGEL 04, EN EL MARCO DEL PROGRAMA + DIVERSIDAD Mayor informaci\u00f3n:https:\/\/redinfor.com.pe\/portal\/2023\/05\/11\/convocatoria-de-especialista-tecnico-para-el-fortalecimiento-de-los-sistemas-de-informacion-en-la-ugel-04-en-el-marco-del-programa-diversidad\/<\/p>\n","protected":false},"author":1,"featured_media":0,"comment_status":"closed","ping_status":"closed","sticky":false,"template":"","format":"standard","meta":{"_et_pb_use_builder":"on","_et_pb_old_content":"","_et_gb_content_width":"1080","footnotes":""},"categories":[11],"tags":[],"class_list":["post-242562","post","type-post","status-publish","format-standard","hentry","category-avisos"],"_links":{"self":[{"href":"https:\/\/ugel04.gob.pe\/home\/wp-json\/wp\/v2\/posts\/242562","targetHints":{"allow":["GET"]}}],"collection":[{"href":"https:\/\/ugel04.gob.pe\/home\/wp-json\/wp\/v2\/posts"}],"about":[{"href":"https:\/\/ugel04.gob.pe\/home\/wp-json\/wp\/v2\/types\/post"}],"author":[{"embeddable":true,"href":"https:\/\/ugel04.gob.pe\/home\/wp-json\/wp\/v2\/users\/1"}],"replies":[{"embeddable":true,"href":"https:\/\/ugel04.gob.pe\/home\/wp-json\/wp\/v2\/comments?post=242562"}],"version-history":[{"count":2,"href":"https:\/\/ugel04.gob.pe\/home\/wp-json\/wp\/v2\/posts\/242562\/revisions"}],"predecessor-version":[{"id":242564,"href":"https:\/\/ugel04.gob.pe\/home\/wp-json\/wp\/v2\/posts\/242562\/revisions\/242564"}],"wp:attachment":[{"href":"https:\/\/ugel04.gob.pe\/home\/wp-json\/wp\/v2\/media?parent=242562"}],"wp:term":[{"taxonomy":"category","embeddable":true,"href":"https:\/\/ugel04.gob.pe\/home\/wp-json\/wp\/v2\/categories?post=242562"},{"taxonomy":"post_tag","embeddable":true,"href":"https:\/\/ugel04.gob.pe\/home\/wp-json\/wp\/v2\/tags?post=242562"}],"curies":[{"name":"wp","href":"https:\/\/api.w.org\/{rel}","templated":true}]}}