{"id":242067,"date":"2023-04-17T05:57:00","date_gmt":"2023-04-17T05:57:00","guid":{"rendered":"https:\/\/ugel04.gob.pe\/home\/?p=242067"},"modified":"2023-07-26T06:00:11","modified_gmt":"2023-07-26T06:00:11","slug":"37-adolescentes-de-cetpro-carabayllo-se-graduan-al-culminar-programa-chicas-tec","status":"publish","type":"post","link":"https:\/\/ugel04.gob.pe\/home\/37-adolescentes-de-cetpro-carabayllo-se-graduan-al-culminar-programa-chicas-tec\/","title":{"rendered":"37 ADOLESCENTES DE CETPRO CARABAYLLO SE GRAD\u00daAN AL CULMINAR PROGRAMA +CHICAS TEC"},"content":{"rendered":"<p>[et_pb_section fb_built=\u00bb1&#8243; theme_builder_area=\u00bbpost_content\u00bb _builder_version=\u00bb4.21.0&#8243; _module_preset=\u00bbdefault\u00bb][et_pb_row _builder_version=\u00bb4.21.0&#8243; _module_preset=\u00bbdefault\u00bb theme_builder_area=\u00bbpost_content\u00bb custom_padding=\u00bb1px|||||\u00bb custom_margin=\u00bb-17px|auto||auto||\u00bb][et_pb_column _builder_version=\u00bb4.21.0&#8243; _module_preset=\u00bbdefault\u00bb type=\u00bb4_4&#8243; theme_builder_area=\u00bbpost_content\u00bb][et_pb_text _builder_version=\u00bb4.21.0&#8243; _module_preset=\u00bbdefault\u00bb theme_builder_area=\u00bbpost_content\u00bb hover_enabled=\u00bb0&#8243; sticky_enabled=\u00bb0&#8243;]<\/p>\n<p style=\"text-align: justify;\">En un ambiente de satisfacci\u00f3n por el logro alcanzado, 37 adolescentes estudiantes del CETPRO Carabayllo recibieron un certificado oficial a nombre del Ministerio de Educaci\u00f3n y Unicef, tras concluir con \u00e9xito el m\u00f3dulo ocupacional \u201cProgramadoras Web-Front End Developers\u201d que forma parte de la carrera t\u00e9cnica de Computaci\u00f3n e Inform\u00e1tica y las acredita como programadoras web.<\/p>\n<p style=\"text-align: justify;\">La ceremonia de graduaci\u00f3n se realiz\u00f3 en la sede del CETPRO Carabayllo, ante la presencia de representantes de la Direcci\u00f3n Regional de Educaci\u00f3n de Lima Metropolitana (DRELM), UGEL 04, UNICEF y Academia Crack the Code, est\u00e1s dos \u00faltimas, como entidades promotoras del programa acad\u00e9mico, tambi\u00e9n denominado Chicas TEC.<\/p>\n<p style=\"text-align: justify;\">Durante su alocuci\u00f3n, la directora del CETPRO, Noemi Delgadillo, resalt\u00f3 la importancia de que las mujeres estudien carreras tecnol\u00f3gicas para que puedan empoderarse y salir adelante; asimismo, agradeci\u00f3 la colaboraci\u00f3n de los padres de familia, por el gran apoyo brindado a sus hijas en todo este proceso y culmin\u00f3 felicitando a las estudiantes graduadas por seguir adelante y terminar esta experiencia de la mejor manera.<\/p>\n<p style=\"text-align: justify;\">Por su parte, en representaci\u00f3n de la UGEL 04, el especialista de AGEBATP Carlos Terrazas, felicit\u00f3 a las graduadas e invoc\u00f3 a la comunidad educativa de nuestra jurisdicci\u00f3n a seguir este ejemplo y estudiar en los CETPRO, donde existen diversas ramas pedag\u00f3gicas que les pueden brindar la oportunidad de acceder r\u00e1pidamente al mercado laboral, como es el caso de los estudios en tecnolog\u00eda.<\/p>\n<p style=\"text-align: justify;\">A su turno, la representante de Unicef Claudia Medina, expres\u00f3 su emoci\u00f3n por los resultados al finalizar este m\u00f3dulo con \u00e9xito ya que las estudiantes han desarrollado habilidades tecnol\u00f3gicas y socioemocionales. Adem\u00e1s, recalc\u00f3 que Unicef seguir\u00e1 apoyando a mas ni\u00f1as que quieran entran a los m\u00f3dulos y transmitir la importancia de seguir creando nuevas tecnolog\u00edas.<\/p>\n<p style=\"text-align: justify;\">La fundadora de Crack the Code, Maria V\u00e9lez, se hizo presente desde Colombia mediante un enlace de zoom para felicitar a las estudiantes por su gran esfuerzo, record\u00e1ndoles que esto ser\u00eda solo el comienzo de sus carreras como programadoras web, \u201cesta carrera es la numero 1 en el mercado laboral y gracias a este m\u00f3dulo se est\u00e1n rompiendo barreras para que las mujeres puedan ingresar a las carreras tecnol\u00f3gicas. Agradezco a los profesores por apoyar a sus estudiantes brind\u00e1ndoles los conocimientos necesarios para entrar al mercado laboral\u201d, refiri\u00f3.<\/p>\n<p style=\"text-align: justify;\">Las estudiantes desarrollaron casi 600 horas pedag\u00f3gicas, donde aprendieron a desenvolverse en la construcci\u00f3n de p\u00e1ginas web con dise\u00f1os adaptables para que realicen emprendimientos tecnol\u00f3gicos y aumenten sus posibilidades de conseguir un trabajo vinculado a la ciencia y la tecnolog\u00eda. Se espera que estos talleres sigan desarroll\u00e1ndose de manera exitosa a fin de que las chicas puedan explotar sus capacidades y lograr entrar al mercado tecnol\u00f3gico.<\/p>\n<p style=\"text-align: justify;\"><strong>Desde el 2021, la Direcci\u00f3n Regional de Lima Metropolitana (DRELM), junto con la UGEL 04, el CETPRO de Carabayllo, con el apoyo de UNICEF y la academia de programaci\u00f3n internacional Crack the Code, vienen desarrollando el m\u00f3dulo ocupacional \u201cProgramadoras Web-Front End Developers\u201d que forma parte de la carrera t\u00e9cnica de Computaci\u00f3n e Inform\u00e1tica de los CETPROS.<\/strong><\/p>\n<p>[\/et_pb_text][\/et_pb_column][\/et_pb_row][\/et_pb_section]<\/p>\n","protected":false},"excerpt":{"rendered":"<p>En un ambiente de satisfacci\u00f3n por el logro alcanzado, 37 adolescentes estudiantes del CETPRO Carabayllo recibieron un certificado oficial a nombre del Ministerio de Educaci\u00f3n y Unicef, tras concluir con [&hellip;]<\/p>\n","protected":false},"author":1,"featured_media":242068,"comment_status":"closed","ping_status":"closed","sticky":false,"template":"","format":"standard","meta":{"_et_pb_use_builder":"on","_et_pb_old_content":"","_et_gb_content_width":"1080","footnotes":""},"categories":[10],"tags":[],"class_list":["post-242067","post","type-post","status-publish","format-standard","has-post-thumbnail","hentry","category-noticias"],"_links":{"self":[{"href":"https:\/\/ugel04.gob.pe\/home\/wp-json\/wp\/v2\/posts\/242067","targetHints":{"allow":["GET"]}}],"collection":[{"href":"https:\/\/ugel04.gob.pe\/home\/wp-json\/wp\/v2\/posts"}],"about":[{"href":"https:\/\/ugel04.gob.pe\/home\/wp-json\/wp\/v2\/types\/post"}],"author":[{"embeddable":true,"href":"https:\/\/ugel04.gob.pe\/home\/wp-json\/wp\/v2\/users\/1"}],"replies":[{"embeddable":true,"href":"https:\/\/ugel04.gob.pe\/home\/wp-json\/wp\/v2\/comments?post=242067"}],"version-history":[{"count":3,"href":"https:\/\/ugel04.gob.pe\/home\/wp-json\/wp\/v2\/posts\/242067\/revisions"}],"predecessor-version":[{"id":242072,"href":"https:\/\/ugel04.gob.pe\/home\/wp-json\/wp\/v2\/posts\/242067\/revisions\/242072"}],"wp:featuredmedia":[{"embeddable":true,"href":"https:\/\/ugel04.gob.pe\/home\/wp-json\/wp\/v2\/media\/242068"}],"wp:attachment":[{"href":"https:\/\/ugel04.gob.pe\/home\/wp-json\/wp\/v2\/media?parent=242067"}],"wp:term":[{"taxonomy":"category","embeddable":true,"href":"https:\/\/ugel04.gob.pe\/home\/wp-json\/wp\/v2\/categories?post=242067"},{"taxonomy":"post_tag","embeddable":true,"href":"https:\/\/ugel04.gob.pe\/home\/wp-json\/wp\/v2\/tags?post=242067"}],"curies":[{"name":"wp","href":"https:\/\/api.w.org\/{rel}","templated":true}]}}