{"id":242060,"date":"2023-04-14T05:52:00","date_gmt":"2023-04-14T05:52:00","guid":{"rendered":"https:\/\/ugel04.gob.pe\/home\/?p=242060"},"modified":"2023-07-26T05:55:41","modified_gmt":"2023-07-26T05:55:41","slug":"i-e-5171-tupac-amaru-ii-inaugura-modernos-servicios-higienicos-para-nivel-primaria","status":"publish","type":"post","link":"https:\/\/ugel04.gob.pe\/home\/i-e-5171-tupac-amaru-ii-inaugura-modernos-servicios-higienicos-para-nivel-primaria\/","title":{"rendered":"I.E 5171 T\u00daPAC AMARU II INAUGURA MODERNOS SERVICIOS HIGI\u00c9NICOS PARA NIVEL PRIMARIA"},"content":{"rendered":"<p>[et_pb_section fb_built=\u00bb1&#8243; theme_builder_area=\u00bbpost_content\u00bb _builder_version=\u00bb4.21.0&#8243; _module_preset=\u00bbdefault\u00bb][et_pb_row _builder_version=\u00bb4.21.0&#8243; _module_preset=\u00bbdefault\u00bb theme_builder_area=\u00bbpost_content\u00bb custom_padding=\u00bb1px|||||\u00bb custom_margin=\u00bb-32px|auto||auto||\u00bb][et_pb_column _builder_version=\u00bb4.21.0&#8243; _module_preset=\u00bbdefault\u00bb type=\u00bb4_4&#8243; theme_builder_area=\u00bbpost_content\u00bb][et_pb_text _builder_version=\u00bb4.21.0&#8243; _module_preset=\u00bbdefault\u00bb theme_builder_area=\u00bbpost_content\u00bb hover_enabled=\u00bb0&#8243; sticky_enabled=\u00bb0&#8243;]<\/p>\n<p style=\"text-align: justify;\">En un contexto de j\u00fabilo y algarab\u00eda de los directivos, docentes, estudiantes, padres de familia y la directora de la UGEL 04 Nelly Cunza Pr\u00edncipe, se realiz\u00f3 la inauguraci\u00f3n de los servicios higi\u00e9nicos del nivel primaria de la I.E N\u00b0 5171 T\u00fapac Amaru II, ubicado en La Ensenada, Puente Piedra; una obra construida por el Programa Nacional de Infraestructura Educativa (PRONIED).<\/p>\n<p style=\"text-align: justify;\">El trabajo de infraestructura que consta de tres ba\u00f1os con acabados en cer\u00e1mico, equipados con inodoros, urinarios y papeleras modernas, lavaderos implementados, enrejado, pintado y piso acabado, se concluy\u00f3 gracias a la gesti\u00f3n del actual director del plantel, Luis Saravia y beneficiar\u00e1 a alrededor de 200 escolares de primaria.<\/p>\n<p style=\"text-align: justify;\">Durante la ceremonia previa de inauguraci\u00f3n, la directora Nelly Cunza resalt\u00f3 la importancia del acontecimiento, felicitando a los directivos gestores de la obra e invoc\u00f3 a los estudiantes a valorar esta infraestructura cuid\u00e1ndola y d\u00e1ndole el uso adecuado para permitir su conservaci\u00f3n en el tiempo.<\/p>\n<p style=\"text-align: justify;\">Posteriormente, la titular de la UGEL 04 en compa\u00f1\u00eda del director de la I.E Luis Saravia, realizaron el corte de la cinta respectiva dando por inaugurada la obra de manera oficial, desatando la alegr\u00eda euf\u00f3rica de la comunidad educativa presente.<\/p>\n<p>[\/et_pb_text][\/et_pb_column][\/et_pb_row][\/et_pb_section]<\/p>\n","protected":false},"excerpt":{"rendered":"<p>En un contexto de j\u00fabilo y algarab\u00eda de los directivos, docentes, estudiantes, padres de familia y la directora de la UGEL 04 Nelly Cunza Pr\u00edncipe, se realiz\u00f3 la inauguraci\u00f3n de [&hellip;]<\/p>\n","protected":false},"author":1,"featured_media":242061,"comment_status":"closed","ping_status":"closed","sticky":false,"template":"","format":"standard","meta":{"_et_pb_use_builder":"on","_et_pb_old_content":"","_et_gb_content_width":"1080","footnotes":""},"categories":[10],"tags":[],"class_list":["post-242060","post","type-post","status-publish","format-standard","has-post-thumbnail","hentry","category-noticias"],"_links":{"self":[{"href":"https:\/\/ugel04.gob.pe\/home\/wp-json\/wp\/v2\/posts\/242060","targetHints":{"allow":["GET"]}}],"collection":[{"href":"https:\/\/ugel04.gob.pe\/home\/wp-json\/wp\/v2\/posts"}],"about":[{"href":"https:\/\/ugel04.gob.pe\/home\/wp-json\/wp\/v2\/types\/post"}],"author":[{"embeddable":true,"href":"https:\/\/ugel04.gob.pe\/home\/wp-json\/wp\/v2\/users\/1"}],"replies":[{"embeddable":true,"href":"https:\/\/ugel04.gob.pe\/home\/wp-json\/wp\/v2\/comments?post=242060"}],"version-history":[{"count":4,"href":"https:\/\/ugel04.gob.pe\/home\/wp-json\/wp\/v2\/posts\/242060\/revisions"}],"predecessor-version":[{"id":242066,"href":"https:\/\/ugel04.gob.pe\/home\/wp-json\/wp\/v2\/posts\/242060\/revisions\/242066"}],"wp:featuredmedia":[{"embeddable":true,"href":"https:\/\/ugel04.gob.pe\/home\/wp-json\/wp\/v2\/media\/242061"}],"wp:attachment":[{"href":"https:\/\/ugel04.gob.pe\/home\/wp-json\/wp\/v2\/media?parent=242060"}],"wp:term":[{"taxonomy":"category","embeddable":true,"href":"https:\/\/ugel04.gob.pe\/home\/wp-json\/wp\/v2\/categories?post=242060"},{"taxonomy":"post_tag","embeddable":true,"href":"https:\/\/ugel04.gob.pe\/home\/wp-json\/wp\/v2\/tags?post=242060"}],"curies":[{"name":"wp","href":"https:\/\/api.w.org\/{rel}","templated":true}]}}