{"id":242004,"date":"2023-03-28T04:14:00","date_gmt":"2023-03-28T04:14:00","guid":{"rendered":"https:\/\/ugel04.gob.pe\/home\/?p=242004"},"modified":"2023-07-26T04:17:20","modified_gmt":"2023-07-26T04:17:20","slug":"ministro-de-educacion-superviso-aulas-temporales-de-futura-escuela-bicentenario-san-felipe-en-comas","status":"publish","type":"post","link":"https:\/\/ugel04.gob.pe\/home\/ministro-de-educacion-superviso-aulas-temporales-de-futura-escuela-bicentenario-san-felipe-en-comas\/","title":{"rendered":"MINISTRO DE EDUCACI\u00d3N SUPERVIS\u00d3 AULAS TEMPORALES DE FUTURA ESCUELA BICENTENARIO SAN FELIPE EN COMAS"},"content":{"rendered":"<p>[et_pb_section fb_built=\u00bb1&#8243; theme_builder_area=\u00bbpost_content\u00bb _builder_version=\u00bb4.21.0&#8243; _module_preset=\u00bbdefault\u00bb][et_pb_row _builder_version=\u00bb4.21.0&#8243; _module_preset=\u00bbdefault\u00bb theme_builder_area=\u00bbpost_content\u00bb custom_padding=\u00bb6px|||||\u00bb custom_margin=\u00bb-18px|auto||auto||\u00bb][et_pb_column _builder_version=\u00bb4.21.0&#8243; _module_preset=\u00bbdefault\u00bb type=\u00bb4_4&#8243; theme_builder_area=\u00bbpost_content\u00bb][et_pb_text _builder_version=\u00bb4.21.0&#8243; _module_preset=\u00bbdefault\u00bb theme_builder_area=\u00bbpost_content\u00bb hover_enabled=\u00bb0&#8243; sticky_enabled=\u00bb0&#8243;]<\/p>\n<p style=\"text-align: justify;\">El ministro de Educaci\u00f3n, Oscar Becerra realiz\u00f3 una visita de supervisi\u00f3n a las aulas temporales de la I.E. San Felipe, en Comas, que es parte del \u201cProyecto Especial de Inversi\u00f3n P\u00fablica Escuelas Bicentenario\u201d, en d\u00f3nde manifest\u00f3 que durante los primeros 100 d\u00edas de su gesti\u00f3n se han destrabado diversos proyectos de infraestructura y solucionado otros problemas vinculados al sector.<\/p>\n<p style=\"text-align: justify;\">El ministro Becerra, explic\u00f3 que este colegio de contingencia ha sido implementado con aulas temporales para que los estudiantes reciban all\u00ed sus clases mientras se demuele el antiguo edificio y se construye el nuevo local, \u201ctodo esto se hizo en tres meses, con voluntad de trabajo, profesionalismo y sin corrupci\u00f3n, porque estamos comprometidos en que los ni\u00f1os y adolescentes reciban la educaci\u00f3n de calidad que merecen\u201d, precis\u00f3.<\/p>\n<p style=\"text-align: justify;\">Asimismo, se\u00f1al\u00f3 que las 75 Escuelas Bicentenario deben entregarse el 2024, a\u00f1o de la conmemoraci\u00f3n del Bicentenario de la Batalla de Ayacucho. \u201cNo hab\u00eda forma de cumplir antes, porque no se ten\u00edan los expedientes t\u00e9cnicos; ahora que est\u00e1n elaborados, previamente se levantan los colegios temporales para no interrumpir las clases\u201d, anot\u00f3.<\/p>\n<p style=\"text-align: justify;\">Becerra se\u00f1al\u00f3 que los maestros est\u00e1n comprometidos en mejorar la calidad de la educaci\u00f3n porque hoy un maestro gana casi el doble de lo que gana un ciudadano en promedio, entre 2,800 y 8,000 soles, dependiendo de su nivel, experiencia y formaci\u00f3n.<\/p>\n<p style=\"text-align: justify;\">\u201cEsa es la meritocracia. Tenemos profesores bien pagados y ahora podemos pedirles resultados\u201d, insisti\u00f3 Becerra.<\/p>\n<p style=\"text-align: justify;\">El ministro record\u00f3 que cuando asumi\u00f3 el cargo en diciembre del 2022, encontr\u00f3 \u201cun caos absoluto, un desgobierno total, no se hab\u00eda hecho planes, no se hab\u00eda planificado la entrega de \u00fatiles y material educativo, no hab\u00eda presupuesto para llevar el material educativo de las UGEL a los colegios y, adem\u00e1s, los materiales no estaban en el almac\u00e9n\u201d.<\/p>\n<p style=\"text-align: justify;\">Finalmente, reiter\u00f3 que se han aprobado normas que permiten proveer de recursos a las UGEL para que distribuyan el material a los colegios y dijo que en caso de que esto no sea posible, se est\u00e1n suscribiendo convenios para realizar esa tarea con el apoyo de las Fuerzas Armadas y la Polic\u00eda Nacional.<\/p>\n<p>[\/et_pb_text][\/et_pb_column][\/et_pb_row][\/et_pb_section]<\/p>\n","protected":false},"excerpt":{"rendered":"<p>El ministro de Educaci\u00f3n, Oscar Becerra realiz\u00f3 una visita de supervisi\u00f3n a las aulas temporales de la I.E. San Felipe, en Comas, que es parte del \u201cProyecto Especial de Inversi\u00f3n [&hellip;]<\/p>\n","protected":false},"author":1,"featured_media":242005,"comment_status":"closed","ping_status":"closed","sticky":false,"template":"","format":"standard","meta":{"_et_pb_use_builder":"on","_et_pb_old_content":"","_et_gb_content_width":"1080","footnotes":""},"categories":[10],"tags":[],"class_list":["post-242004","post","type-post","status-publish","format-standard","has-post-thumbnail","hentry","category-noticias"],"_links":{"self":[{"href":"https:\/\/ugel04.gob.pe\/home\/wp-json\/wp\/v2\/posts\/242004","targetHints":{"allow":["GET"]}}],"collection":[{"href":"https:\/\/ugel04.gob.pe\/home\/wp-json\/wp\/v2\/posts"}],"about":[{"href":"https:\/\/ugel04.gob.pe\/home\/wp-json\/wp\/v2\/types\/post"}],"author":[{"embeddable":true,"href":"https:\/\/ugel04.gob.pe\/home\/wp-json\/wp\/v2\/users\/1"}],"replies":[{"embeddable":true,"href":"https:\/\/ugel04.gob.pe\/home\/wp-json\/wp\/v2\/comments?post=242004"}],"version-history":[{"count":3,"href":"https:\/\/ugel04.gob.pe\/home\/wp-json\/wp\/v2\/posts\/242004\/revisions"}],"predecessor-version":[{"id":242009,"href":"https:\/\/ugel04.gob.pe\/home\/wp-json\/wp\/v2\/posts\/242004\/revisions\/242009"}],"wp:featuredmedia":[{"embeddable":true,"href":"https:\/\/ugel04.gob.pe\/home\/wp-json\/wp\/v2\/media\/242005"}],"wp:attachment":[{"href":"https:\/\/ugel04.gob.pe\/home\/wp-json\/wp\/v2\/media?parent=242004"}],"wp:term":[{"taxonomy":"category","embeddable":true,"href":"https:\/\/ugel04.gob.pe\/home\/wp-json\/wp\/v2\/categories?post=242004"},{"taxonomy":"post_tag","embeddable":true,"href":"https:\/\/ugel04.gob.pe\/home\/wp-json\/wp\/v2\/tags?post=242004"}],"curies":[{"name":"wp","href":"https:\/\/api.w.org\/{rel}","templated":true}]}}