{"id":241932,"date":"2023-03-02T02:39:00","date_gmt":"2023-03-02T02:39:00","guid":{"rendered":"https:\/\/ugel04.gob.pe\/home\/?p=241932"},"modified":"2023-07-26T02:41:47","modified_gmt":"2023-07-26T02:41:47","slug":"irtp-lanza-campana-no-es-juego-para-crear-conciencia-sobre-el-acoso-escolar","status":"publish","type":"post","link":"https:\/\/ugel04.gob.pe\/home\/irtp-lanza-campana-no-es-juego-para-crear-conciencia-sobre-el-acoso-escolar\/","title":{"rendered":"IRTP LANZA CAMPA\u00d1A \u201cNO ES JUEGO\u201d PARA CREAR CONCIENCIA SOBRE EL ACOSO ESCOLAR"},"content":{"rendered":"<p>[et_pb_section fb_built=\u00bb1&#8243; theme_builder_area=\u00bbpost_content\u00bb _builder_version=\u00bb4.21.0&#8243; _module_preset=\u00bbdefault\u00bb][et_pb_row _builder_version=\u00bb4.21.0&#8243; _module_preset=\u00bbdefault\u00bb theme_builder_area=\u00bbpost_content\u00bb custom_padding=\u00bb3px|||||\u00bb custom_margin=\u00bb-25px|auto||auto||\u00bb][et_pb_column _builder_version=\u00bb4.21.0&#8243; _module_preset=\u00bbdefault\u00bb type=\u00bb4_4&#8243; theme_builder_area=\u00bbpost_content\u00bb][et_pb_text _builder_version=\u00bb4.21.0&#8243; _module_preset=\u00bbdefault\u00bb theme_builder_area=\u00bbpost_content\u00bb hover_enabled=\u00bb0&#8243; sticky_enabled=\u00bb0&#8243;]<\/p>\n<p style=\"text-align: justify;\">Con la finalidad de que los padres y docentes reconozcan a tiempo las se\u00f1ales del acoso escolar \u201cbullying\u201d que sufren las ni\u00f1as, ni\u00f1os y adolescentes en distintos colegios a nivel nacional, el Instituto Nacional de Radio y Televisi\u00f3n del Per\u00fa &#8211; IRTP, lanz\u00f3 la campa\u00f1a \u201cNo Es Juego\u201d, a trav\u00e9s de la se\u00f1al televisiva del Canal IPe.<\/p>\n<p style=\"text-align: justify;\">A esta iniciativa se sumaron tambi\u00e9n las se\u00f1ales de TVPer\u00fa, TVPer\u00fa Noticias y Radio Nacional, las cuales pusieron a disposici\u00f3n sus plataformas audiovisuales. Todas ellas trabajar\u00e1n en conjunto para difundir diversos contenidos que formar\u00e1n parte de esta campa\u00f1a iniciada el 1 de marzo y que se enmarcar\u00e1 en el retorno a clases escolares.<\/p>\n<p style=\"text-align: justify;\">\u201cNo Es juego\u201d cuenta, con piezas en lengua de se\u00f1as, quechua, aymara y ash\u00e1ninka, con lo cual se busca que el mensaje contra el bullying sea de f\u00e1cil entendimiento para estas comunidades que por muchos a\u00f1os no han contado con herramientas que les permitan actuar frente a un caso de violencia escolar.<\/p>\n<p style=\"text-align: justify;\">La campa\u00f1a es conducida por Paola Moreno, Iris C\u00e1rdenas, Leandra N\u00fa\u00f1ez y Zoe Ar\u00e9valo, quienes buscan concientizar a la ciudadan\u00eda e informar sobre la correcta actuaci\u00f3n ante un posible caso de acoso escolar.<\/p>\n<p style=\"text-align: justify;\">De esta manera, el IRTP mantiene su compromiso hacia la promoci\u00f3n de los derechos de los ni\u00f1os, ni\u00f1as y adolescentes de todo el pa\u00eds.<\/p>\n<p>[\/et_pb_text][\/et_pb_column][\/et_pb_row][\/et_pb_section]<\/p>\n","protected":false},"excerpt":{"rendered":"<p>Con la finalidad de que los padres y docentes reconozcan a tiempo las se\u00f1ales del acoso escolar \u201cbullying\u201d que sufren las ni\u00f1as, ni\u00f1os y adolescentes en distintos colegios a nivel [&hellip;]<\/p>\n","protected":false},"author":1,"featured_media":241933,"comment_status":"closed","ping_status":"closed","sticky":false,"template":"","format":"standard","meta":{"_et_pb_use_builder":"on","_et_pb_old_content":"","_et_gb_content_width":"1080","footnotes":""},"categories":[10],"tags":[],"class_list":["post-241932","post","type-post","status-publish","format-standard","has-post-thumbnail","hentry","category-noticias"],"_links":{"self":[{"href":"https:\/\/ugel04.gob.pe\/home\/wp-json\/wp\/v2\/posts\/241932","targetHints":{"allow":["GET"]}}],"collection":[{"href":"https:\/\/ugel04.gob.pe\/home\/wp-json\/wp\/v2\/posts"}],"about":[{"href":"https:\/\/ugel04.gob.pe\/home\/wp-json\/wp\/v2\/types\/post"}],"author":[{"embeddable":true,"href":"https:\/\/ugel04.gob.pe\/home\/wp-json\/wp\/v2\/users\/1"}],"replies":[{"embeddable":true,"href":"https:\/\/ugel04.gob.pe\/home\/wp-json\/wp\/v2\/comments?post=241932"}],"version-history":[{"count":3,"href":"https:\/\/ugel04.gob.pe\/home\/wp-json\/wp\/v2\/posts\/241932\/revisions"}],"predecessor-version":[{"id":241937,"href":"https:\/\/ugel04.gob.pe\/home\/wp-json\/wp\/v2\/posts\/241932\/revisions\/241937"}],"wp:featuredmedia":[{"embeddable":true,"href":"https:\/\/ugel04.gob.pe\/home\/wp-json\/wp\/v2\/media\/241933"}],"wp:attachment":[{"href":"https:\/\/ugel04.gob.pe\/home\/wp-json\/wp\/v2\/media?parent=241932"}],"wp:term":[{"taxonomy":"category","embeddable":true,"href":"https:\/\/ugel04.gob.pe\/home\/wp-json\/wp\/v2\/categories?post=241932"},{"taxonomy":"post_tag","embeddable":true,"href":"https:\/\/ugel04.gob.pe\/home\/wp-json\/wp\/v2\/tags?post=241932"}],"curies":[{"name":"wp","href":"https:\/\/api.w.org\/{rel}","templated":true}]}}